{"id":6255,"date":"2025-04-14T06:06:57","date_gmt":"2025-04-14T03:06:57","guid":{"rendered":"https:\/\/www2.memri.org\/espanol\/tv\/?p=6255"},"modified":"2025-04-04T15:07:48","modified_gmt":"2025-04-04T12:07:48","slug":"ex-lider-de-milicia-chiita-iraqui-aws-al-khafaji-se-vuelve-contra-iran-no-existe-tal-cosa-como-el-eje-de-la-resistencia-iran-solo-nos-considera-chiitas-cuando-le-conviene-a-sus-intereses","status":"publish","type":"post","link":"https:\/\/www2.memri.org\/espanol\/tv\/2025\/04\/14\/ex-lider-de-milicia-chiita-iraqui-aws-al-khafaji-se-vuelve-contra-iran-no-existe-tal-cosa-como-el-eje-de-la-resistencia-iran-solo-nos-considera-chiitas-cuando-le-conviene-a-sus-intereses\/","title":{"rendered":"Ex-l\u00edder de milicia chiita iraqu\u00ed, Aws Al-Khafaji, se vuelve contra Ir\u00e1n: \u201cNo existe tal cosa como el Eje de la Resistencia; Ir\u00e1n solo nos considera chiitas cuando le conviene a sus intereses\u201d"},"content":{"rendered":"<p>[videopack id=&#8221;6259&#8243;]https:\/\/www2.memri.org\/espanol\/tv\/wp-content\/uploads\/2025\/03\/11921-ESP.mp4[\/videopack]<\/p>\n<p><em>El ex-l\u00edder de la milicia chiita iraqu\u00ed, Aws Al-Khafaji, critic\u00f3 a Ir\u00e1n en una entrevista concedida al canal de televisi\u00f3n iraqu\u00ed Al-Sharqiyah el 16 de marzo de 2025. All\u00ed rechaz\u00f3 el concepto de &#8220;Eje de la Resistencia&#8221; y cuestion\u00f3 la conexi\u00f3n de Ir\u00e1n con la resistencia. <\/em><\/p>\n<p><em>Al-Khafaji argument\u00f3 que Ir\u00e1n no ha sacrificado m\u00e1rtires por Palestina, a diferencia de los iraqu\u00edes que lucharon por Palestina y est\u00e1n enterrados en Hebr\u00f3n. <\/em><\/p>\n<p><em>Tambi\u00e9n acus\u00f3 a Ir\u00e1n de reconocer a los iraqu\u00edes como chiitas solo cuando le conviene a sus intereses. Al-Khafaji afirm\u00f3 adem\u00e1s que Irak actu\u00f3 como &#8220;represa&#8221;, impidiendo que (la organizaci\u00f3n Estado Isl\u00e1mico) ISIS amenazara a Ir\u00e1n y al Golfo, salvando as\u00ed a Ir\u00e1n, Kuwait y a Arabia Saudita. Asimismo, se\u00f1al\u00f3 que, si bien Ir\u00e1n afirma haber salvado a Irak, solo 100 &#8220;asesores&#8221; iran\u00edes murieron en Irak, en comparaci\u00f3n con las 22.000 bajas iraqu\u00edes. Cuando se le pregunt\u00f3 si apoyar\u00eda a Ir\u00e1n en caso de un ataque estadounidense, afirm\u00f3 que har\u00eda todo lo posible para apoyar a los musulmanes contra los infieles. <\/em><\/p>\n","protected":false},"excerpt":{"rendered":"<p>[videopack id=&#8221;6259&#8243;]<\/p>\n<p><em>El ex-l\u00edder de la milicia chiita iraqu\u00ed, Aws Al-Khafaji, critic\u00f3 a Ir\u00e1n en una entrevista concedida al canal de televisi\u00f3n iraqu\u00ed Al-Sharqiyah el 16 de marzo de 2025. All\u00ed rechaz\u00f3 el concepto de &#8220;Eje de la Resistencia&#8221; y cuestion\u00f3 la conexi\u00f3n de Ir\u00e1n con la resistencia. <\/em><\/p>\n<p><em>Al-Khafaji argument\u00f3 que Ir\u00e1n no ha sacrificado m\u00e1rtires por Palestina, a diferencia de los iraqu\u00edes que lucharon por Palestina y est\u00e1n enterrados en Hebr\u00f3n. <\/em><\/p>\n<p><em>Tambi\u00e9n acus\u00f3 a Ir\u00e1n de reconocer a los iraqu\u00edes como chiitas solo cuando le conviene a sus intereses. Al-Khafaji afirm\u00f3 adem\u00e1s que Irak actu\u00f3 como &#8220;represa&#8221;, impidiendo que (la organizaci\u00f3n Estado Isl\u00e1mico) ISIS amenazara a Ir\u00e1n y al Golfo, salvando as\u00ed a Ir\u00e1n, Kuwait y a Arabia Saudita. Asimismo, se\u00f1al\u00f3 que, si bien Ir\u00e1n afirma haber salvado a Irak, solo 100 &#8220;asesores&#8221; iran\u00edes murieron en Irak, en comparaci\u00f3n con las 22.000 bajas iraqu\u00edes. Cuando se le pregunt\u00f3 si apoyar\u00eda a Ir\u00e1n en caso de un ataque estadounidense, afirm\u00f3 que har\u00eda todo lo posible para apoyar a los musulmanes contra los infieles. <\/em><\/p>\n","protected":false},"author":3,"featured_media":6257,"comment_status":"open","ping_status":"open","sticky":false,"template":"","format":"video","meta":{"footnotes":""},"categories":[2,14],"tags":[],"class_list":["post-6255","post","type-post","status-publish","format-video","has-post-thumbnail","hentry","category-featured","category-irak","post_format-post-format-video"],"_links":{"self":[{"href":"https:\/\/www2.memri.org\/espanol\/tv\/wp-json\/wp\/v2\/posts\/6255","targetHints":{"allow":["GET"]}}],"collection":[{"href":"https:\/\/www2.memri.org\/espanol\/tv\/wp-json\/wp\/v2\/posts"}],"about":[{"href":"https:\/\/www2.memri.org\/espanol\/tv\/wp-json\/wp\/v2\/types\/post"}],"author":[{"embeddable":true,"href":"https:\/\/www2.memri.org\/espanol\/tv\/wp-json\/wp\/v2\/users\/3"}],"replies":[{"embeddable":true,"href":"https:\/\/www2.memri.org\/espanol\/tv\/wp-json\/wp\/v2\/comments?post=6255"}],"version-history":[{"count":0,"href":"https:\/\/www2.memri.org\/espanol\/tv\/wp-json\/wp\/v2\/posts\/6255\/revisions"}],"wp:featuredmedia":[{"embeddable":true,"href":"https:\/\/www2.memri.org\/espanol\/tv\/wp-json\/wp\/v2\/media\/6257"}],"wp:attachment":[{"href":"https:\/\/www2.memri.org\/espanol\/tv\/wp-json\/wp\/v2\/media?parent=6255"}],"wp:term":[{"taxonomy":"category","embeddable":true,"href":"https:\/\/www2.memri.org\/espanol\/tv\/wp-json\/wp\/v2\/categories?post=6255"},{"taxonomy":"post_tag","embeddable":true,"href":"https:\/\/www2.memri.org\/espanol\/tv\/wp-json\/wp\/v2\/tags?post=6255"}],"curies":[{"name":"wp","href":"https:\/\/api.w.org\/{rel}","templated":true}]}}