{"id":6238,"date":"2025-04-17T06:02:21","date_gmt":"2025-04-17T03:02:21","guid":{"rendered":"https:\/\/www2.memri.org\/espanol\/tv\/?p=6238"},"modified":"2025-04-04T15:12:52","modified_gmt":"2025-04-04T12:12:52","slug":"investigador-turco-dr-muhannad-hafizoglu-critica-duramente-la-politica-exterior-de-iran-ante-la-inestabilidad-en-turquia-el-regimen-de-khamenei-oprime-a-su-pueblo-en-casa-mientras-exporta","status":"publish","type":"post","link":"https:\/\/www2.memri.org\/espanol\/tv\/2025\/04\/17\/investigador-turco-dr-muhannad-hafizoglu-critica-duramente-la-politica-exterior-de-iran-ante-la-inestabilidad-en-turquia-el-regimen-de-khamenei-oprime-a-su-pueblo-en-casa-mientras-exporta\/","title":{"rendered":"Investigador turco, Dr. Muhannad Haf\u0131zo\u011flu, critica duramente la pol\u00edtica exterior de Ir\u00e1n ante la inestabilidad en Turqu\u00eda: \u201cEl r\u00e9gimen de Khamenei oprime a su pueblo en casa mientras exporta sus problemas internos socavando la seguridad en el extranjero\u201d"},"content":{"rendered":"<p>[videopack id=&#8221;6242&#8243;]https:\/\/www2.memri.org\/espanol\/tv\/wp-content\/uploads\/2025\/03\/11913.ESPmp4_.mp4[\/videopack]<\/p>\n<p><em>El investigador turco en relaciones internacionales Dr. Muhannad Haf\u0131zo\u011flu critic\u00f3 a Ir\u00e1n y su pol\u00edtica exterior ante el contexto de la inestabilidad pol\u00edtica en Turqu\u00eda. Lo hizo en el marco de una entrevista en el canal de televisi\u00f3n de los Emiratos \u00c1rabes Unidos Al-Mashhad el 21 de marzo de 2025. <\/em><\/p>\n<p><em>All\u00ed, Haf\u0131zo\u011flu afirm\u00f3 que Turqu\u00eda opera abiertamente y coopera con los pa\u00edses \u00e1rabes, mientras que Ir\u00e1n act\u00faa en las sombras. Haf\u0131zo\u011flu se\u00f1al\u00f3 adem\u00e1s que Ir\u00e1n est\u00e1 abrumado por numerosos problemas internos y acus\u00f3 al l\u00edder supremo Khamenei de oprimir a su pueblo dentro del pa\u00eds, mientras intenta exportar sus problemas socavando la seguridad en el extranjero. <\/em><\/p>\n<p><em>Haf\u0131zo\u011flu afirm\u00f3 que Ir\u00e1n se ha convertido en un estado paria, e incluso Rusia ha llegado a un acuerdo con Estados Unidos, traicionando a Ir\u00e1n a cambio de ganancias en Ucrania. Por \u00faltimo se\u00f1al\u00f3 que a Ir\u00e1n \u201cle sacaron un ojo en Siria\u201d, y que los golpes a su ojo restante en Irak, a trav\u00e9s de sus aliados all\u00ed, pronto har\u00e1n lo mismo, obligando a Ir\u00e1n a replegarse en casa, condenado a vivir en la oscuridad. <\/em><\/p>\n","protected":false},"excerpt":{"rendered":"<p>[videopack id=&#8221;6242&#8243;]<\/p>\n<p><em>El investigador turco en relaciones internacionales Dr. Muhannad Haf\u0131zo\u011flu critic\u00f3 a Ir\u00e1n y su pol\u00edtica exterior ante el contexto de la inestabilidad pol\u00edtica en Turqu\u00eda. Lo hizo en el marco de una entrevista en el canal de televisi\u00f3n de los Emiratos \u00c1rabes Unidos Al-Mashhad el 21 de marzo de 2025. <\/em><\/p>\n<p><em>All\u00ed, Haf\u0131zo\u011flu afirm\u00f3 que Turqu\u00eda opera abiertamente y coopera con los pa\u00edses \u00e1rabes, mientras que Ir\u00e1n act\u00faa en las sombras. Haf\u0131zo\u011flu se\u00f1al\u00f3 adem\u00e1s que Ir\u00e1n est\u00e1 abrumado por numerosos problemas internos y acus\u00f3 al l\u00edder supremo Khamenei de oprimir a su pueblo dentro del pa\u00eds, mientras intenta exportar sus problemas socavando la seguridad en el extranjero. <\/em><\/p>\n<p><em>Haf\u0131zo\u011flu afirm\u00f3 que Ir\u00e1n se ha convertido en un estado paria, e incluso Rusia ha llegado a un acuerdo con Estados Unidos, traicionando a Ir\u00e1n a cambio de ganancias en Ucrania. Por \u00faltimo se\u00f1al\u00f3 que a Ir\u00e1n \u201cle sacaron un ojo en Siria\u201d, y que los golpes a su ojo restante en Irak, a trav\u00e9s de sus aliados all\u00ed, pronto har\u00e1n lo mismo, obligando a Ir\u00e1n a replegarse en casa, condenado a vivir en la oscuridad. <\/em><\/p>\n","protected":false},"author":3,"featured_media":6240,"comment_status":"open","ping_status":"open","sticky":false,"template":"","format":"video","meta":{"footnotes":""},"categories":[2,503],"tags":[],"class_list":["post-6238","post","type-post","status-publish","format-video","has-post-thumbnail","hentry","category-featured","category-turquia-paises","post_format-post-format-video"],"_links":{"self":[{"href":"https:\/\/www2.memri.org\/espanol\/tv\/wp-json\/wp\/v2\/posts\/6238","targetHints":{"allow":["GET"]}}],"collection":[{"href":"https:\/\/www2.memri.org\/espanol\/tv\/wp-json\/wp\/v2\/posts"}],"about":[{"href":"https:\/\/www2.memri.org\/espanol\/tv\/wp-json\/wp\/v2\/types\/post"}],"author":[{"embeddable":true,"href":"https:\/\/www2.memri.org\/espanol\/tv\/wp-json\/wp\/v2\/users\/3"}],"replies":[{"embeddable":true,"href":"https:\/\/www2.memri.org\/espanol\/tv\/wp-json\/wp\/v2\/comments?post=6238"}],"version-history":[{"count":0,"href":"https:\/\/www2.memri.org\/espanol\/tv\/wp-json\/wp\/v2\/posts\/6238\/revisions"}],"wp:featuredmedia":[{"embeddable":true,"href":"https:\/\/www2.memri.org\/espanol\/tv\/wp-json\/wp\/v2\/media\/6240"}],"wp:attachment":[{"href":"https:\/\/www2.memri.org\/espanol\/tv\/wp-json\/wp\/v2\/media?parent=6238"}],"wp:term":[{"taxonomy":"category","embeddable":true,"href":"https:\/\/www2.memri.org\/espanol\/tv\/wp-json\/wp\/v2\/categories?post=6238"},{"taxonomy":"post_tag","embeddable":true,"href":"https:\/\/www2.memri.org\/espanol\/tv\/wp-json\/wp\/v2\/tags?post=6238"}],"curies":[{"name":"wp","href":"https:\/\/api.w.org\/{rel}","templated":true}]}}