{"id":6191,"date":"2025-03-24T05:59:13","date_gmt":"2025-03-24T03:59:13","guid":{"rendered":"https:\/\/www2.memri.org\/espanol\/tv\/?p=6191"},"modified":"2025-03-22T10:04:35","modified_gmt":"2025-03-22T08:04:35","slug":"alto-funcionario-de-hamas-bassem-naim-el-enviado-especial-de-trump-adam-boehler-nos-aseguro-que-nuestra-postura-es-objetiva-logica-racional-y-se-puede-construir-sobre-ella","status":"publish","type":"post","link":"https:\/\/www2.memri.org\/espanol\/tv\/2025\/03\/24\/alto-funcionario-de-hamas-bassem-naim-el-enviado-especial-de-trump-adam-boehler-nos-aseguro-que-nuestra-postura-es-objetiva-logica-racional-y-se-puede-construir-sobre-ella\/","title":{"rendered":"Alto funcionario de Ham\u00e1s, Bassem Naim: \u201cEl enviado especial de Trump, Adam Boehler, nos asegur\u00f3 que nuestra postura es objetiva, l\u00f3gica, racional y se puede construir sobre ella\u201d"},"content":{"rendered":"<p>[videopack id=&#8221;6194&#8243;]https:\/\/www2.memri.org\/espanol\/tv\/wp-content\/uploads\/2025\/03\/11894-ESP.mp4[\/videopack]<\/p>\n<p><em>Bassem Naim, miembro del bur\u00f3 pol\u00edtico de Ham\u00e1s, habl\u00f3 sobre sus conversaciones con Adam Boehler, el candidato del presidente Trump a enviado especial para asuntos de rehenes. Lo hizo en una entrevista en la red Al-Jazeera (Qatar) el 15 de marzo de 2025. <\/em><\/p>\n<p><em>Seg\u00fan el funcionario de Ham\u00e1s, Boehler dijo que descubri\u00f3 que los argumentos de Ham\u00e1s difieren de c\u00f3mo se presentan en los medios de comunicaci\u00f3n, y que las propuestas de Naim son objetivas, l\u00f3gicas y racionales. Al ser preguntado sobre la calificaci\u00f3n que la oficina del presidente palestino Mahmud Abbas hizo de colaboradores llamando incluso traidores a miembros de Ham\u00e1s por reunirse con los estadounidenses, Naim respondi\u00f3 que esto era una muestra de &#8220;ignorancia o estupidez&#8221;. En este sentido enfatiz\u00f3 que el C\u00f3digo Penal de la Revoluci\u00f3n de la OLP de 1979 estipula claramente la pena de muerte para cualquiera que mantenga contacto con el enemigo, le brinde ayuda o informaci\u00f3n, o se coordine con \u00e9l.<\/em><\/p>\n<p><em>En cuanto al activista de la Universidad de Columbia Mahmud Khalil, quien fue arrestado por el Servicio de Inmigraci\u00f3n y Control de Aduanas (ICE) debido a su apoyo a Ham\u00e1s, Naim afirm\u00f3 que Mahmud Khalil no tiene v\u00ednculos con el movimiento y actu\u00f3 como ciudadano palestino. Tambi\u00e9n sostuvo que el mundo entero protest\u00f3, no solo Mahmud Khalil. <\/em><\/p>\n<p><em>En otro tramo de la entrevista, Bassem Naim afirm\u00f3 que, si no fuera por el ataque del 7 de octubre, no existir\u00eda este movimiento global a favor de la causa palestina y en defensa de Mahmud Khalil. Adem\u00e1s argument\u00f3 que el &#8220;importante acontecimiento del 7 de octubre&#8221; tuvo repercusiones estrat\u00e9gicas significativas en el futuro del conflicto, ya que Estados Unidos es el principal apoyo de Israel, lo que le ha permitido sobrevivir. <\/em><\/p>\n","protected":false},"excerpt":{"rendered":"<p>[videopack id=&#8221;6194&#8243;]<\/p>\n<p><em>Bassem Naim, miembro del bur\u00f3 pol\u00edtico de Ham\u00e1s, habl\u00f3 sobre sus conversaciones con Adam Boehler, el candidato del presidente Trump a enviado especial para asuntos de rehenes. Lo hizo en una entrevista en la red Al-Jazeera (Qatar) el 15 de marzo de 2025. <\/em><\/p>\n<p><em>Seg\u00fan el funcionario de Ham\u00e1s, Boehler dijo que descubri\u00f3 que los argumentos de Ham\u00e1s difieren de c\u00f3mo se presentan en los medios de comunicaci\u00f3n, y que las propuestas de Naim son objetivas, l\u00f3gicas y racionales. Al ser preguntado sobre la calificaci\u00f3n que la oficina del presidente palestino Mahmud Abbas hizo de colaboradores llamando incluso traidores a miembros de Ham\u00e1s por reunirse con los estadounidenses, Naim respondi\u00f3 que esto era una muestra de &#8220;ignorancia o estupidez&#8221;. En este sentido enfatiz\u00f3 que el C\u00f3digo Penal de la Revoluci\u00f3n de la OLP de 1979 estipula claramente la pena de muerte para cualquiera que mantenga contacto con el enemigo, le brinde ayuda o informaci\u00f3n, o se coordine con \u00e9l.<\/em><\/p>\n<p><em>En cuanto al activista de la Universidad de Columbia Mahmud Khalil, quien fue arrestado por el Servicio de Inmigraci\u00f3n y Control de Aduanas (ICE) debido a su apoyo a Ham\u00e1s, Naim afirm\u00f3 que Mahmud Khalil no tiene v\u00ednculos con el movimiento y actu\u00f3 como ciudadano palestino. Tambi\u00e9n sostuvo que el mundo entero protest\u00f3, no solo Mahmud Khalil. <\/em><\/p>\n<p><em>En otro tramo de la entrevista, Bassem Naim afirm\u00f3 que, si no fuera por el ataque del 7 de octubre, no existir\u00eda este movimiento global a favor de la causa palestina y en defensa de Mahmud Khalil. Adem\u00e1s argument\u00f3 que el &#8220;importante acontecimiento del 7 de octubre&#8221; tuvo repercusiones estrat\u00e9gicas significativas en el futuro del conflicto, ya que Estados Unidos es el principal apoyo de Israel, lo que le ha permitido sobrevivir. <\/em><\/p>\n","protected":false},"author":3,"featured_media":6192,"comment_status":"open","ping_status":"open","sticky":false,"template":"","format":"video","meta":{"footnotes":""},"categories":[2,611],"tags":[],"class_list":["post-6191","post","type-post","status-publish","format-video","has-post-thumbnail","hentry","category-featured","category-hamas-2","post_format-post-format-video"],"_links":{"self":[{"href":"https:\/\/www2.memri.org\/espanol\/tv\/wp-json\/wp\/v2\/posts\/6191","targetHints":{"allow":["GET"]}}],"collection":[{"href":"https:\/\/www2.memri.org\/espanol\/tv\/wp-json\/wp\/v2\/posts"}],"about":[{"href":"https:\/\/www2.memri.org\/espanol\/tv\/wp-json\/wp\/v2\/types\/post"}],"author":[{"embeddable":true,"href":"https:\/\/www2.memri.org\/espanol\/tv\/wp-json\/wp\/v2\/users\/3"}],"replies":[{"embeddable":true,"href":"https:\/\/www2.memri.org\/espanol\/tv\/wp-json\/wp\/v2\/comments?post=6191"}],"version-history":[{"count":0,"href":"https:\/\/www2.memri.org\/espanol\/tv\/wp-json\/wp\/v2\/posts\/6191\/revisions"}],"wp:featuredmedia":[{"embeddable":true,"href":"https:\/\/www2.memri.org\/espanol\/tv\/wp-json\/wp\/v2\/media\/6192"}],"wp:attachment":[{"href":"https:\/\/www2.memri.org\/espanol\/tv\/wp-json\/wp\/v2\/media?parent=6191"}],"wp:term":[{"taxonomy":"category","embeddable":true,"href":"https:\/\/www2.memri.org\/espanol\/tv\/wp-json\/wp\/v2\/categories?post=6191"},{"taxonomy":"post_tag","embeddable":true,"href":"https:\/\/www2.memri.org\/espanol\/tv\/wp-json\/wp\/v2\/tags?post=6191"}],"curies":[{"name":"wp","href":"https:\/\/api.w.org\/{rel}","templated":true}]}}