{"id":6177,"date":"2025-03-18T05:48:18","date_gmt":"2025-03-18T03:48:18","guid":{"rendered":"https:\/\/www2.memri.org\/espanol\/tv\/?p=6177"},"modified":"2025-03-16T10:57:44","modified_gmt":"2025-03-16T08:57:44","slug":"lider-de-hamas-en-el-extranjero-khaled-mashal-solo-la-yihad-restaurara-nuestros-derechos-los-palestinos-no-abandonaran-gaza-ni-cisjordania-en-busca-de-una-patria-alternativa-el-fu","status":"publish","type":"post","link":"https:\/\/www2.memri.org\/espanol\/tv\/2025\/03\/18\/lider-de-hamas-en-el-extranjero-khaled-mashal-solo-la-yihad-restaurara-nuestros-derechos-los-palestinos-no-abandonaran-gaza-ni-cisjordania-en-busca-de-una-patria-alternativa-el-fu\/","title":{"rendered":"L\u00edder de Ham\u00e1s en el extranjero Khaled Mashal: \u201cSolo la yihad restaurar\u00e1 nuestros derechos; \u201clos palestinos no abandonar\u00e1n Gaza ni Cisjordania en busca de una patria alternativa; el futuro se decidir\u00e1 en el campo de batalla y no en las capitales de Occidente ni de Oriente\u201d"},"content":{"rendered":"<p>[videopack id=&#8221;6181&#8243;]https:\/\/www2.memri.org\/espanol\/tv\/wp-content\/uploads\/2025\/03\/11884-ESP.mp4[\/videopack]<\/p>\n<p><em>Khaled Mashal, l\u00edder de Ham\u00e1s en el extranjero, rechaz\u00f3 el plan de reubicaci\u00f3n de la poblaci\u00f3n de Gaza propuesto por Trump. Lo hizo en un evento realizado para los prisioneros liberados de Ham\u00e1s en Egipto y que fue publicado en el canal de Telegram de Ham\u00e1s el d\u00eda 10 de marzo de 2025. En este contexto, Mashal afirm\u00f3 que es el &#8220;camino de la yihad y de la resistencia&#8221; el que recuperar\u00e1 la patria, restaurar\u00e1 el honor y liberar\u00e1 a los prisioneros. <\/em><\/p>\n<p><em>Khaled Mashal enfatiz\u00f3 que los derechos palestinos se definir\u00e1n en el campo de batalla y no en capitales extranjeras. Al mismo tiempo rechaz\u00f3 la idea de que los palestinos encontrar\u00e1n una patria &#8220;alternativa&#8221;, se les impondr\u00e1 un r\u00e9gimen pol\u00edtico o entregar\u00e1n las armas. <\/em><\/p>\n","protected":false},"excerpt":{"rendered":"<p>[videopack id=&#8221;6181&#8243;]<\/p>\n<p><em>Khaled Mashal, l\u00edder de Ham\u00e1s en el extranjero, rechaz\u00f3 el plan de reubicaci\u00f3n de la poblaci\u00f3n de Gaza propuesto por Trump. Lo hizo en un evento realizado para los prisioneros liberados de Ham\u00e1s en Egipto y que fue publicado en el canal de Telegram de Ham\u00e1s el d\u00eda 10 de marzo de 2025. En este contexto, Mashal afirm\u00f3 que es el &#8220;camino de la yihad y de la resistencia&#8221; el que recuperar\u00e1 la patria, restaurar\u00e1 el honor y liberar\u00e1 a los prisioneros. <\/em><\/p>\n<p><em>Khaled Mashal enfatiz\u00f3 que los derechos palestinos se definir\u00e1n en el campo de batalla y no en capitales extranjeras. Al mismo tiempo rechaz\u00f3 la idea de que los palestinos encontrar\u00e1n una patria &#8220;alternativa&#8221;, se les impondr\u00e1 un r\u00e9gimen pol\u00edtico o entregar\u00e1n las armas. <\/em><\/p>\n","protected":false},"author":3,"featured_media":6179,"comment_status":"open","ping_status":"open","sticky":false,"template":"","format":"video","meta":{"footnotes":""},"categories":[2,611],"tags":[],"class_list":["post-6177","post","type-post","status-publish","format-video","has-post-thumbnail","hentry","category-featured","category-hamas-2","post_format-post-format-video"],"_links":{"self":[{"href":"https:\/\/www2.memri.org\/espanol\/tv\/wp-json\/wp\/v2\/posts\/6177","targetHints":{"allow":["GET"]}}],"collection":[{"href":"https:\/\/www2.memri.org\/espanol\/tv\/wp-json\/wp\/v2\/posts"}],"about":[{"href":"https:\/\/www2.memri.org\/espanol\/tv\/wp-json\/wp\/v2\/types\/post"}],"author":[{"embeddable":true,"href":"https:\/\/www2.memri.org\/espanol\/tv\/wp-json\/wp\/v2\/users\/3"}],"replies":[{"embeddable":true,"href":"https:\/\/www2.memri.org\/espanol\/tv\/wp-json\/wp\/v2\/comments?post=6177"}],"version-history":[{"count":0,"href":"https:\/\/www2.memri.org\/espanol\/tv\/wp-json\/wp\/v2\/posts\/6177\/revisions"}],"wp:featuredmedia":[{"embeddable":true,"href":"https:\/\/www2.memri.org\/espanol\/tv\/wp-json\/wp\/v2\/media\/6179"}],"wp:attachment":[{"href":"https:\/\/www2.memri.org\/espanol\/tv\/wp-json\/wp\/v2\/media?parent=6177"}],"wp:term":[{"taxonomy":"category","embeddable":true,"href":"https:\/\/www2.memri.org\/espanol\/tv\/wp-json\/wp\/v2\/categories?post=6177"},{"taxonomy":"post_tag","embeddable":true,"href":"https:\/\/www2.memri.org\/espanol\/tv\/wp-json\/wp\/v2\/tags?post=6177"}],"curies":[{"name":"wp","href":"https:\/\/api.w.org\/{rel}","templated":true}]}}