{"id":6160,"date":"2025-03-12T17:52:36","date_gmt":"2025-03-12T15:52:36","guid":{"rendered":"https:\/\/www2.memri.org\/espanol\/tv\/?p=6160"},"modified":"2025-03-12T17:52:36","modified_gmt":"2025-03-12T15:52:36","slug":"miembro-del-gabinete-saudi-saleh-al-sheikh-los-grupos-terroristas-no-fueron-creados-por-arabia-saudita-las-acciones-de-ee-uu-en-irak-y-afganistan-alimentaron-el-celo-islamico-tras-la-retori","status":"publish","type":"post","link":"https:\/\/www2.memri.org\/espanol\/tv\/2025\/03\/12\/miembro-del-gabinete-saudi-saleh-al-sheikh-los-grupos-terroristas-no-fueron-creados-por-arabia-saudita-las-acciones-de-ee-uu-en-irak-y-afganistan-alimentaron-el-celo-islamico-tras-la-retori\/","title":{"rendered":"Miembro del gabinete saud\u00ed Saleh Al-Sheikh: \u201cLos grupos terroristas no fueron creados por Arabia Saudita; las acciones de EE.UU en Irak y Afganist\u00e1n alimentaron el celo isl\u00e1mico tras la ret\u00f3rica anti-occidental posterior al 11-S"},"content":{"rendered":"<p>[videopack id=&#8221;6164&#8243;]https:\/\/www2.memri.org\/espanol\/tv\/wp-content\/uploads\/2025\/03\/11876-ESP.mp4[\/videopack]<\/p>\n<p><em>En una entrevista realizada el 2 de marzo de 2025 en el canal de televisi\u00f3n de Arabia Saudita Rotana Khalijiyya, Saleh bin Abdul-Aziz Aal Al-Sheikh discuti\u00f3 el significado del discurso isl\u00e1mico renovado en Arabia Saudita. <\/em><\/p>\n<p><em>Al Sheik es integrante del gabinete saud\u00ed y ex-ministro de Asuntos Isl\u00e1micos. <\/em><\/p>\n<p><em>En esta entrevista afirm\u00f3 que los grupos terroristas no fueron creados por Arabia Saudita, sino por &#8220;pa\u00edses de la regi\u00f3n y otros lugares&#8221;, y que las instrucciones para llevar a cabo atentados no se originaron en Arabia Saudita. <\/em><\/p>\n<p><em>Al-Sheikh record\u00f3 una visita de una delegaci\u00f3n extranjera luego de los ataques del 11-S, durante la cual un miembro de la delegaci\u00f3n le dijo que, como ministro de Asuntos Isl\u00e1micos, deb\u00eda poner fin a los predicadores en las mezquitas que maldec\u00edan a &#8220;cierto pa\u00eds&#8221;. Sin embargo, Al-Sheikh explic\u00f3 que esto ocurri\u00f3 durante las invasiones estadounidenses a Irak y Afganist\u00e1n, que implicaron ataques indiscriminados, asesinatos de ni\u00f1os y destrucci\u00f3n de mezquitas. Tambi\u00e9n argument\u00f3 que el gobierno saud\u00ed no orden\u00f3 a los predicadores que usaran esa ret\u00f3rica, sino que surgi\u00f3 de su &#8220;celo&#8221; isl\u00e1mico. Al-Sheikh concluy\u00f3 que Occidente deber\u00eda abordar las &#8220;causas&#8221;, evitar asesinar musulmanes y dejar de manipular sus emociones mientras los etiqueta como el problema. <\/em><\/p>\n","protected":false},"excerpt":{"rendered":"<p>[videopack id=&#8221;6164&#8243;]<\/p>\n<p><em>En una entrevista realizada el 2 de marzo de 2025 en el canal de televisi\u00f3n de Arabia Saudita Rotana Khalijiyya, Saleh bin Abdul-Aziz Aal Al-Sheikh discuti\u00f3 el significado del discurso isl\u00e1mico renovado en Arabia Saudita. <\/em><\/p>\n<p><em>Al Sheik es integrante del gabinete saud\u00ed y ex-ministro de Asuntos Isl\u00e1micos. <\/em><\/p>\n<p><em>En esta entrevista afirm\u00f3 que los grupos terroristas no fueron creados por Arabia Saudita, sino por &#8220;pa\u00edses de la regi\u00f3n y otros lugares&#8221;, y que las instrucciones para llevar a cabo atentados no se originaron en Arabia Saudita. <\/em><\/p>\n<p><em>Al-Sheikh record\u00f3 una visita de una delegaci\u00f3n extranjera luego de los ataques del 11-S, durante la cual un miembro de la delegaci\u00f3n le dijo que, como ministro de Asuntos Isl\u00e1micos, deb\u00eda poner fin a los predicadores en las mezquitas que maldec\u00edan a &#8220;cierto pa\u00eds&#8221;. Sin embargo, Al-Sheikh explic\u00f3 que esto ocurri\u00f3 durante las invasiones estadounidenses a Irak y Afganist\u00e1n, que implicaron ataques indiscriminados, asesinatos de ni\u00f1os y destrucci\u00f3n de mezquitas. Tambi\u00e9n argument\u00f3 que el gobierno saud\u00ed no orden\u00f3 a los predicadores que usaran esa ret\u00f3rica, sino que surgi\u00f3 de su &#8220;celo&#8221; isl\u00e1mico. Al-Sheikh concluy\u00f3 que Occidente deber\u00eda abordar las &#8220;causas&#8221;, evitar asesinar musulmanes y dejar de manipular sus emociones mientras los etiqueta como el problema. <\/em><\/p>\n","protected":false},"author":3,"featured_media":6162,"comment_status":"open","ping_status":"open","sticky":false,"template":"","format":"video","meta":{"footnotes":""},"categories":[7,2],"tags":[],"class_list":["post-6160","post","type-post","status-publish","format-video","has-post-thumbnail","hentry","category-arabia-saudita","category-featured","post_format-post-format-video"],"_links":{"self":[{"href":"https:\/\/www2.memri.org\/espanol\/tv\/wp-json\/wp\/v2\/posts\/6160","targetHints":{"allow":["GET"]}}],"collection":[{"href":"https:\/\/www2.memri.org\/espanol\/tv\/wp-json\/wp\/v2\/posts"}],"about":[{"href":"https:\/\/www2.memri.org\/espanol\/tv\/wp-json\/wp\/v2\/types\/post"}],"author":[{"embeddable":true,"href":"https:\/\/www2.memri.org\/espanol\/tv\/wp-json\/wp\/v2\/users\/3"}],"replies":[{"embeddable":true,"href":"https:\/\/www2.memri.org\/espanol\/tv\/wp-json\/wp\/v2\/comments?post=6160"}],"version-history":[{"count":0,"href":"https:\/\/www2.memri.org\/espanol\/tv\/wp-json\/wp\/v2\/posts\/6160\/revisions"}],"wp:featuredmedia":[{"embeddable":true,"href":"https:\/\/www2.memri.org\/espanol\/tv\/wp-json\/wp\/v2\/media\/6162"}],"wp:attachment":[{"href":"https:\/\/www2.memri.org\/espanol\/tv\/wp-json\/wp\/v2\/media?parent=6160"}],"wp:term":[{"taxonomy":"category","embeddable":true,"href":"https:\/\/www2.memri.org\/espanol\/tv\/wp-json\/wp\/v2\/categories?post=6160"},{"taxonomy":"post_tag","embeddable":true,"href":"https:\/\/www2.memri.org\/espanol\/tv\/wp-json\/wp\/v2\/tags?post=6160"}],"curies":[{"name":"wp","href":"https:\/\/api.w.org\/{rel}","templated":true}]}}