{"id":6151,"date":"2025-03-05T06:01:42","date_gmt":"2025-03-05T04:01:42","guid":{"rendered":"https:\/\/www2.memri.org\/espanol\/tv\/?p=6151"},"modified":"2025-03-02T17:04:32","modified_gmt":"2025-03-02T15:04:32","slug":"6151","status":"publish","type":"post","link":"https:\/\/www2.memri.org\/espanol\/tv\/2025\/03\/05\/6151\/","title":{"rendered":"Funcionario de Fatah en Irlanda, Jihad Jara, critica la iniciativa qatar\u00ed de integrar a Ham\u00e1s en la OLP: \u201cQatar es un estado canalla que conspira contra la OLP; destruy\u00f3 Gaza con su enga\u00f1osa cadena de televisi\u00f3n Al-Jazeera; no podemos perdonarlos \u201c"},"content":{"rendered":"<p>[videopack id=&#8221;6153&#8243;]https:\/\/www2.memri.org\/espanol\/tv\/wp-content\/uploads\/2025\/03\/11860-ESP.mp4[\/videopack]<\/p>\n<p><em>Jihad Jara, secretario de la rama irlandesa de Fatah, critic\u00f3 a Qatar y su iniciativa de la Conferencia Nacional para Palestina de integrar a Ham\u00e1s en la OLP.<\/em><\/p>\n<p><em>Jara hizo estas declaraciones durante una entrevista realizada el 17 de febrero de 2025 en el canal de televisi\u00f3n de la Autoridad Palestina Al-Awda. En este contexto, se refiri\u00f3 a Qatar como un &#8220;estado canalla&#8221; que est\u00e1 tramando conspiraciones contra la OLP y afirm\u00f3 que ha destrozado a la sociedad \u00e1rabe e isl\u00e1mica. Jara afirm\u00f3 que Qatar destruy\u00f3 Gaza con su enga\u00f1osa cadena de televisi\u00f3n Al-Jazeera, que &#8211; seg\u00fan \u00e9l &#8211; conspir\u00f3 contra la causa palestina. A continuaci\u00f3n, agreg\u00f3: &#8220;No se les puede perdonar&#8221;.<\/em><\/p>\n<p><em>Jara era un alto dirigente de las Brigadas de los M\u00e1rtires de Al-Aqsa durante la segunda Intifada. De acuerdo con las autoridades israel\u00edes de seguridad, estuvo implicado en ataques terroristas contra objetivos israel\u00edes, incluidos atentados suicidas. En 2002, estuvo entre decenas de terroristas que huyeron a la Iglesia de la Natividad de Bel\u00e9n durante la Operaci\u00f3n Escudo Defensivo. Despu\u00e9s de un cerco de 39 d\u00edas a la iglesia, los terroristas fueron exiliados a Gaza y Europa. <\/em><\/p>\n","protected":false},"excerpt":{"rendered":"<p>[videopack id=&#8221;6153&#8243;]<\/p>\n<p><em>Jihad Jara, secretario de la rama irlandesa de Fatah, critic\u00f3 a Qatar y su iniciativa de la Conferencia Nacional para Palestina de integrar a Ham\u00e1s en la OLP.<\/em><\/p>\n<p><em>Jara hizo estas declaraciones durante una entrevista realizada el 17 de febrero de 2025 en el canal de televisi\u00f3n de la Autoridad Palestina Al-Awda. En este contexto, se refiri\u00f3 a Qatar como un &#8220;estado canalla&#8221; que est\u00e1 tramando conspiraciones contra la OLP y afirm\u00f3 que ha destrozado a la sociedad \u00e1rabe e isl\u00e1mica. Jara afirm\u00f3 que Qatar destruy\u00f3 Gaza con su enga\u00f1osa cadena de televisi\u00f3n Al-Jazeera, que &#8211; seg\u00fan \u00e9l &#8211; conspir\u00f3 contra la causa palestina. A continuaci\u00f3n, agreg\u00f3: &#8220;No se les puede perdonar&#8221;.<\/em><\/p>\n<p><em>Jara era un alto dirigente de las Brigadas de los M\u00e1rtires de Al-Aqsa durante la segunda Intifada. De acuerdo con las autoridades israel\u00edes de seguridad, estuvo implicado en ataques terroristas contra objetivos israel\u00edes, incluidos atentados suicidas. En 2002, estuvo entre decenas de terroristas que huyeron a la Iglesia de la Natividad de Bel\u00e9n durante la Operaci\u00f3n Escudo Defensivo. Despu\u00e9s de un cerco de 39 d\u00edas a la iglesia, los terroristas fueron exiliados a Gaza y Europa. <\/em><\/p>\n","protected":false},"author":3,"featured_media":6152,"comment_status":"open","ping_status":"open","sticky":false,"template":"","format":"video","meta":{"footnotes":""},"categories":[622,2],"tags":[],"class_list":["post-6151","post","type-post","status-publish","format-video","has-post-thumbnail","hentry","category-fatah","category-featured","post_format-post-format-video"],"_links":{"self":[{"href":"https:\/\/www2.memri.org\/espanol\/tv\/wp-json\/wp\/v2\/posts\/6151","targetHints":{"allow":["GET"]}}],"collection":[{"href":"https:\/\/www2.memri.org\/espanol\/tv\/wp-json\/wp\/v2\/posts"}],"about":[{"href":"https:\/\/www2.memri.org\/espanol\/tv\/wp-json\/wp\/v2\/types\/post"}],"author":[{"embeddable":true,"href":"https:\/\/www2.memri.org\/espanol\/tv\/wp-json\/wp\/v2\/users\/3"}],"replies":[{"embeddable":true,"href":"https:\/\/www2.memri.org\/espanol\/tv\/wp-json\/wp\/v2\/comments?post=6151"}],"version-history":[{"count":0,"href":"https:\/\/www2.memri.org\/espanol\/tv\/wp-json\/wp\/v2\/posts\/6151\/revisions"}],"wp:featuredmedia":[{"embeddable":true,"href":"https:\/\/www2.memri.org\/espanol\/tv\/wp-json\/wp\/v2\/media\/6152"}],"wp:attachment":[{"href":"https:\/\/www2.memri.org\/espanol\/tv\/wp-json\/wp\/v2\/media?parent=6151"}],"wp:term":[{"taxonomy":"category","embeddable":true,"href":"https:\/\/www2.memri.org\/espanol\/tv\/wp-json\/wp\/v2\/categories?post=6151"},{"taxonomy":"post_tag","embeddable":true,"href":"https:\/\/www2.memri.org\/espanol\/tv\/wp-json\/wp\/v2\/tags?post=6151"}],"curies":[{"name":"wp","href":"https:\/\/api.w.org\/{rel}","templated":true}]}}