{"id":5963,"date":"2024-12-25T06:27:02","date_gmt":"2024-12-25T04:27:02","guid":{"rendered":"https:\/\/www2.memri.org\/espanol\/tv\/?p=5963"},"modified":"2024-12-22T12:29:23","modified_gmt":"2024-12-22T10:29:23","slug":"khaled-al-saadi-director-de-la-asociacion-de-la-diaspora-palestina-en-suecia-los-ninos-palestinos-nacen-amando-el-martirio-los-pueblos-del-mundo-lo-entienden-cuando-entonan-el-cantico","status":"publish","type":"post","link":"https:\/\/www2.memri.org\/espanol\/tv\/2024\/12\/25\/khaled-al-saadi-director-de-la-asociacion-de-la-diaspora-palestina-en-suecia-los-ninos-palestinos-nacen-amando-el-martirio-los-pueblos-del-mundo-lo-entienden-cuando-entonan-el-cantico\/","title":{"rendered":"Khaled Al-Saadi, director de la Asociaci\u00f3n de la Di\u00e1spora Palestina en Suecia: \u201cLos ni\u00f1os palestinos nacen amando el martirio. Los pueblos del mundo lo entienden cuando entonan el c\u00e1ntico \u00b4Del r\u00edo al mar, Palestina ser\u00e1 libre\u00b4&#8221;"},"content":{"rendered":"<p>[videopack id=&#8221;5966&#8243;]https:\/\/www2.memri.org\/espanol\/tv\/wp-content\/uploads\/2024\/12\/11664-ESP.mp4[\/videopack]<\/p>\n<p><em>Khaled Al-Saadi, director de la Asociaci\u00f3n de la Di\u00e1spora Palestina en Suecia, fue entrevistado en el canal de televisi\u00f3n yemen\u00ed perteneciente a los hut\u00edes, Al-Masirah el 15 de diciembre de 2024. En la ocasi\u00f3n, habl\u00f3 del &#8220;desplazamiento voluntario&#8221; de la mitad de la poblaci\u00f3n de Gaza para 2025, un t\u00e9rmino que atribuy\u00f3 al ministro de Finanzas israel\u00ed Smotrich, y afirm\u00f3 que el pueblo palestino &#8220;ama el martirio&#8221; y nunca dejar\u00e1 de luchar. Al mismo tiempo, Al-Saadi enfatiz\u00f3 que, mientras un solo ni\u00f1o palestino empu\u00f1e un cuchillo, los palestinos no se doblegar\u00e1n. Tambi\u00e9n sostuvo que los ni\u00f1os palestinos nacen diciendo: &#8220;Amamos el martirio por el bien de la liberaci\u00f3n de Palestina&#8221;. <\/em><\/p>\n<p><em>Al-Saadi agreg\u00f3 que, si bien los sionistas y los estadounidenses pueden no entender esto, los pueblos del mundo s\u00ed lo entienden, por lo que entonan el c\u00e1ntico &#8220;Del r\u00edo al mar, Palestina ser\u00e1 libre&#8221; en Bangkok, S\u00eddney, Washington, Londres, Bruselas, Berl\u00edn, Suecia y Dinamarca. <\/em><\/p>\n","protected":false},"excerpt":{"rendered":"<p>[videopack id=&#8221;5966&#8243;]<\/p>\n<p><em>Khaled Al-Saadi, director de la Asociaci\u00f3n de la Di\u00e1spora Palestina en Suecia, fue entrevistado en el canal de televisi\u00f3n yemen\u00ed perteneciente a los hut\u00edes, Al-Masirah el 15 de diciembre de 2024. En la ocasi\u00f3n, habl\u00f3 del &#8220;desplazamiento voluntario&#8221; de la mitad de la poblaci\u00f3n de Gaza para 2025, un t\u00e9rmino que atribuy\u00f3 al ministro de Finanzas israel\u00ed Smotrich, y afirm\u00f3 que el pueblo palestino &#8220;ama el martirio&#8221; y nunca dejar\u00e1 de luchar. Al mismo tiempo, Al-Saadi enfatiz\u00f3 que, mientras un solo ni\u00f1o palestino empu\u00f1e un cuchillo, los palestinos no se doblegar\u00e1n. Tambi\u00e9n sostuvo que los ni\u00f1os palestinos nacen diciendo: &#8220;Amamos el martirio por el bien de la liberaci\u00f3n de Palestina&#8221;. <\/em><\/p>\n<p><em>Al-Saadi agreg\u00f3 que, si bien los sionistas y los estadounidenses pueden no entender esto, los pueblos del mundo s\u00ed lo entienden, por lo que entonan el c\u00e1ntico &#8220;Del r\u00edo al mar, Palestina ser\u00e1 libre&#8221; en Bangkok, S\u00eddney, Washington, Londres, Bruselas, Berl\u00edn, Suecia y Dinamarca. <\/em><\/p>\n","protected":false},"author":3,"featured_media":5965,"comment_status":"open","ping_status":"open","sticky":false,"template":"","format":"video","meta":{"footnotes":""},"categories":[2,611],"tags":[],"class_list":["post-5963","post","type-post","status-publish","format-video","has-post-thumbnail","hentry","category-featured","category-hamas-2","post_format-post-format-video"],"_links":{"self":[{"href":"https:\/\/www2.memri.org\/espanol\/tv\/wp-json\/wp\/v2\/posts\/5963","targetHints":{"allow":["GET"]}}],"collection":[{"href":"https:\/\/www2.memri.org\/espanol\/tv\/wp-json\/wp\/v2\/posts"}],"about":[{"href":"https:\/\/www2.memri.org\/espanol\/tv\/wp-json\/wp\/v2\/types\/post"}],"author":[{"embeddable":true,"href":"https:\/\/www2.memri.org\/espanol\/tv\/wp-json\/wp\/v2\/users\/3"}],"replies":[{"embeddable":true,"href":"https:\/\/www2.memri.org\/espanol\/tv\/wp-json\/wp\/v2\/comments?post=5963"}],"version-history":[{"count":0,"href":"https:\/\/www2.memri.org\/espanol\/tv\/wp-json\/wp\/v2\/posts\/5963\/revisions"}],"wp:featuredmedia":[{"embeddable":true,"href":"https:\/\/www2.memri.org\/espanol\/tv\/wp-json\/wp\/v2\/media\/5965"}],"wp:attachment":[{"href":"https:\/\/www2.memri.org\/espanol\/tv\/wp-json\/wp\/v2\/media?parent=5963"}],"wp:term":[{"taxonomy":"category","embeddable":true,"href":"https:\/\/www2.memri.org\/espanol\/tv\/wp-json\/wp\/v2\/categories?post=5963"},{"taxonomy":"post_tag","embeddable":true,"href":"https:\/\/www2.memri.org\/espanol\/tv\/wp-json\/wp\/v2\/tags?post=5963"}],"curies":[{"name":"wp","href":"https:\/\/api.w.org\/{rel}","templated":true}]}}