{"id":5943,"date":"2024-12-17T06:07:37","date_gmt":"2024-12-17T04:07:37","guid":{"rendered":"https:\/\/www2.memri.org\/espanol\/tv\/?p=5943"},"modified":"2024-12-15T09:21:18","modified_gmt":"2024-12-15T07:21:18","slug":"parlamentario-turco-y-lider-del-movimiento-nacionalista-devlet-bahceli-alepo-es-turca-y-musulmana-hasta-la-medula-la-historia-geografia-y-la-realidad-lo-dicen","status":"publish","type":"post","link":"https:\/\/www2.memri.org\/espanol\/tv\/2024\/12\/17\/parlamentario-turco-y-lider-del-movimiento-nacionalista-devlet-bahceli-alepo-es-turca-y-musulmana-hasta-la-medula-la-historia-geografia-y-la-realidad-lo-dicen\/","title":{"rendered":"Parlamentario turco y l\u00edder del Movimiento Nacionalista Devlet Bah\u00e7eli: \u201cAlepo es turca y musulmana hasta la m\u00e9dula; la historia, geograf\u00eda y la realidad lo dicen\u201d"},"content":{"rendered":"<p>[videopack id=&#8221;5946&#8243;]https:\/\/www2.memri.org\/espanol\/tv\/wp-content\/uploads\/2024\/12\/11363-ESP.mp4[\/videopack]<\/p>\n<p><em>El destacado pol\u00edtico turco Devlet Bah\u00e7eli pronunci\u00f3 un discurso el 3 de diciembre de 2024 en una reuni\u00f3n del partido Milliyet\u00e7i Hareket Partisi (MHP), que \u00e9l dirige y que est\u00e1 en coalici\u00f3n con el partido AKP del presidente turco Recep Tayyip Erdo\u011fan.<\/em><\/p>\n<p><em>En la ocasi\u00f3n, Bah\u00e7eli declar\u00f3 que &#8220;Alepo es turca y musulmana hasta la m\u00e9dula&#8221;. En este sentido sostuvo que la historia, la geograf\u00eda, la realidad y los antepasados \u200b\u200bdicen lo mismo, y traz\u00f3 conexiones entre los principales puntos de referencia de Turqu\u00eda y Alepo: &#8220;Lo sea el mercado de Estambul, el mercado de Alepo tambi\u00e9n lo es. El &#8216;Am\u00e9n&#8217; que se eleva desde la mezquita Kocatepe en Ankara es el mismo &#8216;Am\u00e9n&#8217; que resuena desde la Gran Mezquita de Alepo\u201d. <\/em><\/p>\n<p><em>El discurso fue transmitido por NTV (Turqu\u00eda). <\/em><\/p>\n","protected":false},"excerpt":{"rendered":"<p>[videopack id=&#8221;5946&#8243;]<\/p>\n<p><em>El destacado pol\u00edtico turco Devlet Bah\u00e7eli pronunci\u00f3 un discurso el 3 de diciembre de 2024 en una reuni\u00f3n del partido Milliyet\u00e7i Hareket Partisi (MHP), que \u00e9l dirige y que est\u00e1 en coalici\u00f3n con el partido AKP del presidente turco Recep Tayyip Erdo\u011fan.<\/em><\/p>\n<p><em>En la ocasi\u00f3n, Bah\u00e7eli declar\u00f3 que &#8220;Alepo es turca y musulmana hasta la m\u00e9dula&#8221;. En este sentido sostuvo que la historia, la geograf\u00eda, la realidad y los antepasados \u200b\u200bdicen lo mismo, y traz\u00f3 conexiones entre los principales puntos de referencia de Turqu\u00eda y Alepo: &#8220;Lo sea el mercado de Estambul, el mercado de Alepo tambi\u00e9n lo es. El &#8216;Am\u00e9n&#8217; que se eleva desde la mezquita Kocatepe en Ankara es el mismo &#8216;Am\u00e9n&#8217; que resuena desde la Gran Mezquita de Alepo\u201d. <\/em><\/p>\n<p><em>El discurso fue transmitido por NTV (Turqu\u00eda). <\/em><\/p>\n","protected":false},"author":3,"featured_media":5945,"comment_status":"open","ping_status":"open","sticky":false,"template":"","format":"video","meta":{"footnotes":""},"categories":[1],"tags":[],"class_list":["post-5943","post","type-post","status-publish","format-video","has-post-thumbnail","hentry","category-uncategorized","post_format-post-format-video"],"_links":{"self":[{"href":"https:\/\/www2.memri.org\/espanol\/tv\/wp-json\/wp\/v2\/posts\/5943","targetHints":{"allow":["GET"]}}],"collection":[{"href":"https:\/\/www2.memri.org\/espanol\/tv\/wp-json\/wp\/v2\/posts"}],"about":[{"href":"https:\/\/www2.memri.org\/espanol\/tv\/wp-json\/wp\/v2\/types\/post"}],"author":[{"embeddable":true,"href":"https:\/\/www2.memri.org\/espanol\/tv\/wp-json\/wp\/v2\/users\/3"}],"replies":[{"embeddable":true,"href":"https:\/\/www2.memri.org\/espanol\/tv\/wp-json\/wp\/v2\/comments?post=5943"}],"version-history":[{"count":0,"href":"https:\/\/www2.memri.org\/espanol\/tv\/wp-json\/wp\/v2\/posts\/5943\/revisions"}],"wp:featuredmedia":[{"embeddable":true,"href":"https:\/\/www2.memri.org\/espanol\/tv\/wp-json\/wp\/v2\/media\/5945"}],"wp:attachment":[{"href":"https:\/\/www2.memri.org\/espanol\/tv\/wp-json\/wp\/v2\/media?parent=5943"}],"wp:term":[{"taxonomy":"category","embeddable":true,"href":"https:\/\/www2.memri.org\/espanol\/tv\/wp-json\/wp\/v2\/categories?post=5943"},{"taxonomy":"post_tag","embeddable":true,"href":"https:\/\/www2.memri.org\/espanol\/tv\/wp-json\/wp\/v2\/tags?post=5943"}],"curies":[{"name":"wp","href":"https:\/\/api.w.org\/{rel}","templated":true}]}}