{"id":5938,"date":"2024-12-18T06:03:12","date_gmt":"2024-12-18T04:03:12","guid":{"rendered":"https:\/\/www2.memri.org\/espanol\/tv\/?p=5938"},"modified":"2024-12-15T09:07:31","modified_gmt":"2024-12-15T07:07:31","slug":"bilal-turkia-encargado-de-negocios-sirio-en-qatar-la-incursion-de-israel-es-injustificable-pero-siria-comprende-los-temores-de-los-vecinos-nos-centraremos-en-los-asuntos-internos-antes-de","status":"publish","type":"post","link":"https:\/\/www2.memri.org\/espanol\/tv\/2024\/12\/18\/bilal-turkia-encargado-de-negocios-sirio-en-qatar-la-incursion-de-israel-es-injustificable-pero-siria-comprende-los-temores-de-los-vecinos-nos-centraremos-en-los-asuntos-internos-antes-de\/","title":{"rendered":"Bilal Turkia, encargado de Negocios sirio en Qatar: \u201cLa incursi\u00f3n de Israel es injustificable, pero Siria comprende los temores de los vecinos; nos centraremos en los asuntos internos antes de abordar las relaciones internacionales\u201d"},"content":{"rendered":"<p>[videopack id=&#8221;5941&#8243;]https:\/\/www2.memri.org\/espanol\/tv\/wp-content\/uploads\/2024\/12\/11641.ESP-mp4.mp4[\/videopack]<\/p>\n<p><em>En una entrevista realizada el 8 de diciembre de 2024 con la red Al-Jazeera (Qatar), Bilal Turkia, encargado de Negocios de la Embajada siria en Qatar, dijo que las acciones de Israel en Siria est\u00e1n motivadas por los temores de que ciertos grupos puedan llegar a sus fronteras. Al mismo tiempo, calific\u00f3 esto como injustificable. <\/em><\/p>\n<p><em>Turkia abord\u00f3 las preocupaciones de los pa\u00edses vecinos de Siria, y en este sentido afirm\u00f3 que la oposici\u00f3n en Siria ha &#8220;mostrado claramente&#8221; respeto por sus vecinos y los acuerdos internacionales. Tambi\u00e9n enfatiz\u00f3 que la prioridad actual de Siria es abordar los problemas internos antes de pasar a las relaciones y acuerdos internacionales. <\/em><\/p>\n","protected":false},"excerpt":{"rendered":"<p>[videopack id=&#8221;5941&#8243;]<\/p>\n<p><em>En una entrevista realizada el 8 de diciembre de 2024 con la red Al-Jazeera (Qatar), Bilal Turkia, encargado de Negocios de la Embajada siria en Qatar, dijo que las acciones de Israel en Siria est\u00e1n motivadas por los temores de que ciertos grupos puedan llegar a sus fronteras. Al mismo tiempo, calific\u00f3 esto como injustificable. <\/em><\/p>\n<p><em>Turkia abord\u00f3 las preocupaciones de los pa\u00edses vecinos de Siria, y en este sentido afirm\u00f3 que la oposici\u00f3n en Siria ha &#8220;mostrado claramente&#8221; respeto por sus vecinos y los acuerdos internacionales. Tambi\u00e9n enfatiz\u00f3 que la prioridad actual de Siria es abordar los problemas internos antes de pasar a las relaciones y acuerdos internacionales. <\/em><\/p>\n","protected":false},"author":3,"featured_media":5940,"comment_status":"open","ping_status":"open","sticky":false,"template":"","format":"video","meta":{"footnotes":""},"categories":[2,21],"tags":[],"class_list":["post-5938","post","type-post","status-publish","format-video","has-post-thumbnail","hentry","category-featured","category-siria","post_format-post-format-video"],"_links":{"self":[{"href":"https:\/\/www2.memri.org\/espanol\/tv\/wp-json\/wp\/v2\/posts\/5938","targetHints":{"allow":["GET"]}}],"collection":[{"href":"https:\/\/www2.memri.org\/espanol\/tv\/wp-json\/wp\/v2\/posts"}],"about":[{"href":"https:\/\/www2.memri.org\/espanol\/tv\/wp-json\/wp\/v2\/types\/post"}],"author":[{"embeddable":true,"href":"https:\/\/www2.memri.org\/espanol\/tv\/wp-json\/wp\/v2\/users\/3"}],"replies":[{"embeddable":true,"href":"https:\/\/www2.memri.org\/espanol\/tv\/wp-json\/wp\/v2\/comments?post=5938"}],"version-history":[{"count":0,"href":"https:\/\/www2.memri.org\/espanol\/tv\/wp-json\/wp\/v2\/posts\/5938\/revisions"}],"wp:featuredmedia":[{"embeddable":true,"href":"https:\/\/www2.memri.org\/espanol\/tv\/wp-json\/wp\/v2\/media\/5940"}],"wp:attachment":[{"href":"https:\/\/www2.memri.org\/espanol\/tv\/wp-json\/wp\/v2\/media?parent=5938"}],"wp:term":[{"taxonomy":"category","embeddable":true,"href":"https:\/\/www2.memri.org\/espanol\/tv\/wp-json\/wp\/v2\/categories?post=5938"},{"taxonomy":"post_tag","embeddable":true,"href":"https:\/\/www2.memri.org\/espanol\/tv\/wp-json\/wp\/v2\/tags?post=5938"}],"curies":[{"name":"wp","href":"https:\/\/api.w.org\/{rel}","templated":true}]}}