{"id":5850,"date":"2024-11-19T06:07:29","date_gmt":"2024-11-19T04:07:29","guid":{"rendered":"https:\/\/www2.memri.org\/espanol\/tv\/?p=5850"},"modified":"2024-11-20T17:15:01","modified_gmt":"2024-11-20T15:15:01","slug":"imam-de-dearborn-usama-abdulghani-ofrezco-mis-felicitaciones-a-nuestros-martires-sinwar-y-haniyeh-de-hamas-nasrallah-de-hezbollah-y-su-sucesor-safieddine-debemos-apreciar-al-lider-suprem","status":"publish","type":"post","link":"https:\/\/www2.memri.org\/espanol\/tv\/2024\/11\/19\/imam-de-dearborn-usama-abdulghani-ofrezco-mis-felicitaciones-a-nuestros-martires-sinwar-y-haniyeh-de-hamas-nasrallah-de-hezbollah-y-su-sucesor-safieddine-debemos-apreciar-al-lider-suprem\/","title":{"rendered":"Imam de Dearborn Usama Abdulghani: \u201cOfrezco mis felicitaciones a nuestros m\u00e1rtires, Sinwar y Haniyeh de Ham\u00e1s, Nasrallah de Hezbollah y su sucesor, Safieddine; debemos apreciar al l\u00edder supremo de Ir\u00e1n, Khamenei, mientras est\u00e9 vivo\u201d"},"content":{"rendered":"<p>[videopack id=&#8221;5853&#8243;]https:\/\/www2.memri.org\/espanol\/tv\/wp-content\/uploads\/2024\/11\/11571-ESP.mp4[\/videopack]<\/p>\n<p><em>El imam de Michigan, Usama Abdulghani, dio una conferencia el 25 de octubre de 2024 en el Centro Comunitario Juvenil Hadi en Dearborn. <\/em><\/p>\n<p><em>En este contexto, Abdulghani delcar\u00f3 que es importante apreciar al l\u00edder supremo iran\u00ed, Ali Khamenei, mientras est\u00e9 vivo. Tambi\u00e9n se\u00f1al\u00f3 con reconocimiento el &#8220;martirio&#8221; de los l\u00edderes de Ham\u00e1s Yahya Sinwar e Ismail Haniyeh, as\u00ed como tambi\u00e9n de los l\u00edderes de Hezbollah Hassan Nasrallah y Hashem Safieddine. Abdulghani afirm\u00f3 que: &#8220;Ser\u00eda un desperdicio y una pena si s\u00f3lo llegamos a apreciar (a Khamenei) y tomar sus palabras tan en serio como deber\u00edamos, cuando ya no est\u00e9 con nosotros&#8221;. \u00a0<\/em><\/p>\n","protected":false},"excerpt":{"rendered":"<p>[videopack id=&#8221;5853&#8243;]<\/p>\n<p><em>El imam de Michigan, Usama Abdulghani, dio una conferencia el 25 de octubre de 2024 en el Centro Comunitario Juvenil Hadi en Dearborn. <\/em><\/p>\n<p><em>En este contexto, Abdulghani delcar\u00f3 que es importante apreciar al l\u00edder supremo iran\u00ed, Ali Khamenei, mientras est\u00e9 vivo. Tambi\u00e9n se\u00f1al\u00f3 con reconocimiento el &#8220;martirio&#8221; de los l\u00edderes de Ham\u00e1s Yahya Sinwar e Ismail Haniyeh, as\u00ed como tambi\u00e9n de los l\u00edderes de Hezbollah Hassan Nasrallah y Hashem Safieddine. Abdulghani afirm\u00f3 que: &#8220;Ser\u00eda un desperdicio y una pena si s\u00f3lo llegamos a apreciar (a Khamenei) y tomar sus palabras tan en serio como deber\u00edamos, cuando ya no est\u00e9 con nosotros&#8221;. \u00a0<\/em><\/p>\n","protected":false},"author":3,"featured_media":5852,"comment_status":"open","ping_status":"open","sticky":false,"template":"","format":"video","meta":{"footnotes":""},"categories":[12,2],"tags":[],"class_list":["post-5850","post","type-post","status-publish","format-video","has-post-thumbnail","hentry","category-estados-unidos","category-featured","post_format-post-format-video"],"_links":{"self":[{"href":"https:\/\/www2.memri.org\/espanol\/tv\/wp-json\/wp\/v2\/posts\/5850","targetHints":{"allow":["GET"]}}],"collection":[{"href":"https:\/\/www2.memri.org\/espanol\/tv\/wp-json\/wp\/v2\/posts"}],"about":[{"href":"https:\/\/www2.memri.org\/espanol\/tv\/wp-json\/wp\/v2\/types\/post"}],"author":[{"embeddable":true,"href":"https:\/\/www2.memri.org\/espanol\/tv\/wp-json\/wp\/v2\/users\/3"}],"replies":[{"embeddable":true,"href":"https:\/\/www2.memri.org\/espanol\/tv\/wp-json\/wp\/v2\/comments?post=5850"}],"version-history":[{"count":0,"href":"https:\/\/www2.memri.org\/espanol\/tv\/wp-json\/wp\/v2\/posts\/5850\/revisions"}],"wp:featuredmedia":[{"embeddable":true,"href":"https:\/\/www2.memri.org\/espanol\/tv\/wp-json\/wp\/v2\/media\/5852"}],"wp:attachment":[{"href":"https:\/\/www2.memri.org\/espanol\/tv\/wp-json\/wp\/v2\/media?parent=5850"}],"wp:term":[{"taxonomy":"category","embeddable":true,"href":"https:\/\/www2.memri.org\/espanol\/tv\/wp-json\/wp\/v2\/categories?post=5850"},{"taxonomy":"post_tag","embeddable":true,"href":"https:\/\/www2.memri.org\/espanol\/tv\/wp-json\/wp\/v2\/tags?post=5850"}],"curies":[{"name":"wp","href":"https:\/\/api.w.org\/{rel}","templated":true}]}}