{"id":584,"date":"2023-01-20T17:41:02","date_gmt":"2023-01-20T21:41:02","guid":{"rendered":"https:\/\/www2.memri.org\/espanol\/tv\/?p=584"},"modified":"2023-02-15T17:48:22","modified_gmt":"2023-02-15T21:48:22","slug":"manifestantes-en-zahedan-baluchistan-irani-muerte-a-khamenei-ten-algo-de-honor-y-deja-el-pais-este-es-el-ano-del-levantamiento-sangriento","status":"publish","type":"post","link":"https:\/\/www2.memri.org\/espanol\/tv\/2023\/01\/20\/manifestantes-en-zahedan-baluchistan-irani-muerte-a-khamenei-ten-algo-de-honor-y-deja-el-pais-este-es-el-ano-del-levantamiento-sangriento\/","title":{"rendered":"Manifestantes en Zahedan, Baluchist\u00e1n Iran\u00ed: \u201c\u00a1Muerte a Khamenei! \u00a1Ten algo de honor y deja el pa\u00eds! \u00a1\u00c9ste es el a\u00f1o del levantamiento sangriento!\u201d"},"content":{"rendered":"<p>[videopack id=&#8221;585&#8243;]https:\/\/www2.memri.org\/espanol\/tv\/wp-content\/uploads\/2023\/02\/10079-ESP.mp4[\/videopack]<\/p>\n<p><em>El 20 de enero de 2023, la periodista iran\u00ed disidente Masih Alinejad tuite\u00f3 im\u00e1genes de protestas en Zahedan, Baluchist\u00e1n de Ir\u00e1n, despu\u00e9s de los sermones del viernes. Seg\u00fan se puede ver, miles de personas asistieron a las manifestaciones. Los manifestantes corearon &#8220;\u00a1Matar\u00e9 a quien haya matado a mi hermano!&#8221;, &#8220;\u00a1Muerte a Khamenei!&#8221;, &#8220;\u00a1Los mul\u00e1s deber\u00edan perderse!&#8221;, &#8220;\u00a1Basiji y Guardia Revolucionaria, ustedes son nuestro ISIS!&#8221;, &#8220;Khamenei: ten un poco de honor y deja el pa\u00eds!&#8221;, y &#8220;\u00a1Este es el a\u00f1o del [levantamiento] sangriento!&#8221;<\/em><\/p>\n<p>Multitud: \u201c\u00a1Voy a matar a quien haya matado a mi hermano! \u00a1Muerte al dictador! \u00a1Muerte a Khamenei!\u201d<\/p>\n<p>\u00a1Honorable iran\u00ed, apoyo, apoyo! \u00a1Artiller\u00eda, tanques, petardos! \u00a1Los mul\u00e1s deben perderse!<\/p>\n<p>\u00a1Basij y Guardia Revolucionaria, ustedes son nuestro ISIS!<\/p>\n<p>Khamenei, \u00a1Ten un poco de honor y deja el pa\u00eds!<\/p>\n<p>\u00a1\u00c9ste es el a\u00f1o de la revoluci\u00f3n sangrienta! \u00a1Seyed Ali (Khamenei) ser\u00e1 derrocado!<\/p>\n<p><strong>Hombre:<\/strong> Hola, hoy es mi\u00e9rcoles 18 de enero. Este es el cuerpo del m\u00e1rtir Mansour Hormozi, (quien recibi\u00f3 un disparo) en el &#8216;Viernes Sangriento&#8217; de Zahedan [30 de septiembre de 2022]. Finalmente, las [autoridades] liberaron su cuerpo a las 14:30 de hoy&#8221;.<\/p>\n","protected":false},"excerpt":{"rendered":"<p>[videopack id=&#8221;585&#8243;]<\/p>\n<p><em>El 20 de enero de 2023, la periodista iran\u00ed disidente Masih Alinejad tuite\u00f3 im\u00e1genes de protestas en Zahedan, Baluchist\u00e1n de Ir\u00e1n, despu\u00e9s de los sermones del viernes. Seg\u00fan se puede ver, miles de personas asistieron a las manifestaciones. Los manifestantes corearon &#8220;\u00a1Matar\u00e9 a quien haya matado a mi hermano!&#8221;, &#8220;\u00a1Muerte a Khamenei!&#8221;, &#8220;\u00a1Los mul\u00e1s deber\u00edan perderse!&#8221;, &#8220;\u00a1Basiji y Guardia Revolucionaria, ustedes son nuestro ISIS!&#8221;, &#8220;Khamenei: ten un poco de honor y deja el pa\u00eds!&#8221;, y &#8220;\u00a1Este es el a\u00f1o del [levantamiento] sangriento!&#8221;<\/em><\/p>\n<p>Multitud: \u201c\u00a1Voy a matar a quien haya matado a mi hermano! \u00a1Muerte al dictador! \u00a1Muerte a Khamenei!\u201d<\/p>\n<p>\u00a1Honorable iran\u00ed, apoyo, apoyo! \u00a1Artiller\u00eda, tanques, petardos! \u00a1Los mul\u00e1s deben perderse!<\/p>\n<p>\u00a1Basij y Guardia Revolucionaria, ustedes son nuestro ISIS!<\/p>\n<p>Khamenei, \u00a1Ten un poco de honor y deja el pa\u00eds!<\/p>\n<p>\u00a1\u00c9ste es el a\u00f1o de la revoluci\u00f3n sangrienta! \u00a1Seyed Ali (Khamenei) ser\u00e1 derrocado!<\/p>\n<p><strong>Hombre:<\/strong> Hola, hoy es mi\u00e9rcoles 18 de enero. Este es el cuerpo del m\u00e1rtir Mansour Hormozi, (quien recibi\u00f3 un disparo) en el &#8216;Viernes Sangriento&#8217; de Zahedan [30 de septiembre de 2022]. Finalmente, las [autoridades] liberaron su cuerpo a las 14:30 de hoy&#8221;.<\/p>\n","protected":false},"author":4,"featured_media":586,"comment_status":"open","ping_status":"open","sticky":false,"template":"","format":"video","meta":{"footnotes":""},"categories":[15,5,367,142],"tags":[],"class_list":["post-584","post","type-post","status-publish","format-video","has-post-thumbnail","hentry","category-iran","category-paises","category-protestas-anti-regimen-en-iran-y-represion-violenta","category-temas","post_format-post-format-video"],"_links":{"self":[{"href":"https:\/\/www2.memri.org\/espanol\/tv\/wp-json\/wp\/v2\/posts\/584","targetHints":{"allow":["GET"]}}],"collection":[{"href":"https:\/\/www2.memri.org\/espanol\/tv\/wp-json\/wp\/v2\/posts"}],"about":[{"href":"https:\/\/www2.memri.org\/espanol\/tv\/wp-json\/wp\/v2\/types\/post"}],"author":[{"embeddable":true,"href":"https:\/\/www2.memri.org\/espanol\/tv\/wp-json\/wp\/v2\/users\/4"}],"replies":[{"embeddable":true,"href":"https:\/\/www2.memri.org\/espanol\/tv\/wp-json\/wp\/v2\/comments?post=584"}],"version-history":[{"count":0,"href":"https:\/\/www2.memri.org\/espanol\/tv\/wp-json\/wp\/v2\/posts\/584\/revisions"}],"wp:featuredmedia":[{"embeddable":true,"href":"https:\/\/www2.memri.org\/espanol\/tv\/wp-json\/wp\/v2\/media\/586"}],"wp:attachment":[{"href":"https:\/\/www2.memri.org\/espanol\/tv\/wp-json\/wp\/v2\/media?parent=584"}],"wp:term":[{"taxonomy":"category","embeddable":true,"href":"https:\/\/www2.memri.org\/espanol\/tv\/wp-json\/wp\/v2\/categories?post=584"},{"taxonomy":"post_tag","embeddable":true,"href":"https:\/\/www2.memri.org\/espanol\/tv\/wp-json\/wp\/v2\/tags?post=584"}],"curies":[{"name":"wp","href":"https:\/\/api.w.org\/{rel}","templated":true}]}}