{"id":5838,"date":"2024-11-13T17:40:10","date_gmt":"2024-11-13T15:40:10","guid":{"rendered":"https:\/\/www2.memri.org\/espanol\/tv\/?p=5838"},"modified":"2024-11-13T17:40:10","modified_gmt":"2024-11-13T15:40:10","slug":"en-conferencia-de-estambul-el-7-de-octubre-de-2024-el-funcionario-de-hamas-osama-hamdan-le-dice-al-activista-anti-israeli-estadounidense-max-blumenthal-mohammad-deif-esta-vivo-y-lidera-su","status":"publish","type":"post","link":"https:\/\/www2.memri.org\/espanol\/tv\/2024\/11\/13\/en-conferencia-de-estambul-el-7-de-octubre-de-2024-el-funcionario-de-hamas-osama-hamdan-le-dice-al-activista-anti-israeli-estadounidense-max-blumenthal-mohammad-deif-esta-vivo-y-lidera-su\/","title":{"rendered":"En conferencia de Estambul el 7 de octubre de 2024, el funcionario de Ham\u00e1s, Osama Hamdan, le dice al activista anti-israel\u00ed estadounidense Max Blumenthal: \u201dMohammad Deif est\u00e1 vivo y lidera sus tropas\u201d"},"content":{"rendered":"<p>[videopack id=&#8221;5841&#8243;]https:\/\/www2.memri.org\/espanol\/tv\/wp-content\/uploads\/2024\/11\/11549.-ESPmp4.mp4[\/videopack]<\/p>\n<p><em>En una conferencia realizada el 7 de octubre de 2024 en Estambul, Osama Hamdan, del bur\u00f3 pol\u00edtico de Ham\u00e1s, le dijo al periodista estadounidense Max Blumenthal que el ataque perpetrado el 7 de octubre &#8220;significa mucho para el pueblo palestino&#8221;. Tambi\u00e9n asegur\u00f3 que la eliminaci\u00f3n del l\u00edder de Ham\u00e1s, Ismail Haniyeh, fue un &#8220;impulso importante&#8221; para el pueblo palestino, porque su l\u00edder n\u00famero uno se sacrific\u00f3 por ellos y deber\u00edan seguir sus pasos. La entrevista fue publicada en The Grayzone en YouTube. <\/em><\/p>\n","protected":false},"excerpt":{"rendered":"<p>[videopack id=&#8221;5841&#8243;]<\/p>\n<p><em>En una conferencia realizada el 7 de octubre de 2024 en Estambul, Osama Hamdan, del bur\u00f3 pol\u00edtico de Ham\u00e1s, le dijo al periodista estadounidense Max Blumenthal que el ataque perpetrado el 7 de octubre &#8220;significa mucho para el pueblo palestino&#8221;. Tambi\u00e9n asegur\u00f3 que la eliminaci\u00f3n del l\u00edder de Ham\u00e1s, Ismail Haniyeh, fue un &#8220;impulso importante&#8221; para el pueblo palestino, porque su l\u00edder n\u00famero uno se sacrific\u00f3 por ellos y deber\u00edan seguir sus pasos. La entrevista fue publicada en The Grayzone en YouTube. <\/em><\/p>\n","protected":false},"author":3,"featured_media":5840,"comment_status":"open","ping_status":"open","sticky":false,"template":"","format":"video","meta":{"footnotes":""},"categories":[2,611],"tags":[],"class_list":["post-5838","post","type-post","status-publish","format-video","has-post-thumbnail","hentry","category-featured","category-hamas-2","post_format-post-format-video"],"_links":{"self":[{"href":"https:\/\/www2.memri.org\/espanol\/tv\/wp-json\/wp\/v2\/posts\/5838","targetHints":{"allow":["GET"]}}],"collection":[{"href":"https:\/\/www2.memri.org\/espanol\/tv\/wp-json\/wp\/v2\/posts"}],"about":[{"href":"https:\/\/www2.memri.org\/espanol\/tv\/wp-json\/wp\/v2\/types\/post"}],"author":[{"embeddable":true,"href":"https:\/\/www2.memri.org\/espanol\/tv\/wp-json\/wp\/v2\/users\/3"}],"replies":[{"embeddable":true,"href":"https:\/\/www2.memri.org\/espanol\/tv\/wp-json\/wp\/v2\/comments?post=5838"}],"version-history":[{"count":0,"href":"https:\/\/www2.memri.org\/espanol\/tv\/wp-json\/wp\/v2\/posts\/5838\/revisions"}],"wp:featuredmedia":[{"embeddable":true,"href":"https:\/\/www2.memri.org\/espanol\/tv\/wp-json\/wp\/v2\/media\/5840"}],"wp:attachment":[{"href":"https:\/\/www2.memri.org\/espanol\/tv\/wp-json\/wp\/v2\/media?parent=5838"}],"wp:term":[{"taxonomy":"category","embeddable":true,"href":"https:\/\/www2.memri.org\/espanol\/tv\/wp-json\/wp\/v2\/categories?post=5838"},{"taxonomy":"post_tag","embeddable":true,"href":"https:\/\/www2.memri.org\/espanol\/tv\/wp-json\/wp\/v2\/tags?post=5838"}],"curies":[{"name":"wp","href":"https:\/\/api.w.org\/{rel}","templated":true}]}}