{"id":5830,"date":"2024-11-12T17:35:16","date_gmt":"2024-11-12T15:35:16","guid":{"rendered":"https:\/\/www2.memri.org\/espanol\/tv\/?p=5830"},"modified":"2024-11-11T17:37:25","modified_gmt":"2024-11-11T15:37:25","slug":"omer-nashabe-experto-libanes-en-justicia-penal-sospecho-que-los-ataques-a-los-aficionados-al-futbol-israeli-en-amsterdam-fueron-inventados-por-la-inteligencia-israeli","status":"publish","type":"post","link":"https:\/\/www2.memri.org\/espanol\/tv\/2024\/11\/12\/omer-nashabe-experto-libanes-en-justicia-penal-sospecho-que-los-ataques-a-los-aficionados-al-futbol-israeli-en-amsterdam-fueron-inventados-por-la-inteligencia-israeli\/","title":{"rendered":"Omer Nashabe, experto liban\u00e9s en justicia penal: \u201cSospecho que los ataques a los aficionados al f\u00fatbol israel\u00ed en \u00c1msterdam fueron inventados por la inteligencia israel\u00ed\u201d"},"content":{"rendered":"<p>[videopack id=&#8221;5833&#8243;]https:\/\/www2.memri.org\/espanol\/tv\/wp-content\/uploads\/2024\/11\/11546-ESP.mp4[\/videopack]<\/p>\n<p>Omer Nashabe, experto liban\u00e9s en justicia penal, opin\u00f3 sobre los ataques contra los aficionados al f\u00fatbol israel\u00ed en \u00c1msterdam durante una aparici\u00f3n el 8 de noviembre de 2024 en Al-Mayadeen TV (L\u00edbano). Nashabe especul\u00f3 que los ataques podr\u00edan haber sido orquestados por agencias de inteligencia israel\u00edes, y sugiri\u00f3 que fueron organizados para influir en los procedimientos pendientes ante la Corte Penal Internacional y la Corte Internacional de Justicia en la cercana La Haya.<\/p>\n<p>Tambi\u00e9n se\u00f1al\u00f3 que los ataques ocurrieron a una distancia de un corto viaje en tren de estas instituciones judiciales clave, lo que plantea dudas sobre su posible sincronizaci\u00f3n estrat\u00e9gica.<\/p>\n","protected":false},"excerpt":{"rendered":"<p>[videopack id=&#8221;5833&#8243;]<\/p>\n<p>Omer Nashabe, experto liban\u00e9s en justicia penal, opin\u00f3 sobre los ataques contra los aficionados al f\u00fatbol israel\u00ed en \u00c1msterdam durante una aparici\u00f3n el 8 de noviembre de 2024 en Al-Mayadeen TV (L\u00edbano). Nashabe especul\u00f3 que los ataques podr\u00edan haber sido orquestados por agencias de inteligencia israel\u00edes, y sugiri\u00f3 que fueron organizados para influir en los procedimientos pendientes ante la Corte Penal Internacional y la Corte Internacional de Justicia en la cercana La Haya.<\/p>\n<p>Tambi\u00e9n se\u00f1al\u00f3 que los ataques ocurrieron a una distancia de un corto viaje en tren de estas instituciones judiciales clave, lo que plantea dudas sobre su posible sincronizaci\u00f3n estrat\u00e9gica.<\/p>\n","protected":false},"author":3,"featured_media":5832,"comment_status":"open","ping_status":"open","sticky":false,"template":"","format":"video","meta":{"footnotes":""},"categories":[2,18],"tags":[],"class_list":["post-5830","post","type-post","status-publish","format-video","has-post-thumbnail","hentry","category-featured","category-libano","post_format-post-format-video"],"_links":{"self":[{"href":"https:\/\/www2.memri.org\/espanol\/tv\/wp-json\/wp\/v2\/posts\/5830","targetHints":{"allow":["GET"]}}],"collection":[{"href":"https:\/\/www2.memri.org\/espanol\/tv\/wp-json\/wp\/v2\/posts"}],"about":[{"href":"https:\/\/www2.memri.org\/espanol\/tv\/wp-json\/wp\/v2\/types\/post"}],"author":[{"embeddable":true,"href":"https:\/\/www2.memri.org\/espanol\/tv\/wp-json\/wp\/v2\/users\/3"}],"replies":[{"embeddable":true,"href":"https:\/\/www2.memri.org\/espanol\/tv\/wp-json\/wp\/v2\/comments?post=5830"}],"version-history":[{"count":0,"href":"https:\/\/www2.memri.org\/espanol\/tv\/wp-json\/wp\/v2\/posts\/5830\/revisions"}],"wp:featuredmedia":[{"embeddable":true,"href":"https:\/\/www2.memri.org\/espanol\/tv\/wp-json\/wp\/v2\/media\/5832"}],"wp:attachment":[{"href":"https:\/\/www2.memri.org\/espanol\/tv\/wp-json\/wp\/v2\/media?parent=5830"}],"wp:term":[{"taxonomy":"category","embeddable":true,"href":"https:\/\/www2.memri.org\/espanol\/tv\/wp-json\/wp\/v2\/categories?post=5830"},{"taxonomy":"post_tag","embeddable":true,"href":"https:\/\/www2.memri.org\/espanol\/tv\/wp-json\/wp\/v2\/tags?post=5830"}],"curies":[{"name":"wp","href":"https:\/\/api.w.org\/{rel}","templated":true}]}}