{"id":5825,"date":"2024-11-07T07:09:53","date_gmt":"2024-11-07T05:09:53","guid":{"rendered":"https:\/\/www2.memri.org\/espanol\/tv\/?p=5825"},"modified":"2024-11-07T07:09:53","modified_gmt":"2024-11-07T05:09:53","slug":"funcionario-del-partido-fuerzas-libanesas-ibrahim-el-sakr-le-pido-a-estados-unidos-y-a-la-comunidad-internacional-que-ataquen-a-los-principales-lideres-de-iran","status":"publish","type":"post","link":"https:\/\/www2.memri.org\/espanol\/tv\/2024\/11\/07\/funcionario-del-partido-fuerzas-libanesas-ibrahim-el-sakr-le-pido-a-estados-unidos-y-a-la-comunidad-internacional-que-ataquen-a-los-principales-lideres-de-iran\/","title":{"rendered":"Funcionario del partido Fuerzas Libanesas, Ibrahim El-Sakr: \u201cLe pido a Estados Unidos y a la comunidad internacional que ataquen a los principales l\u00edderes de Ir\u00e1n\u201d"},"content":{"rendered":"<p>[videopack id=&#8221;5828&#8243;]https:\/\/www2.memri.org\/espanol\/tv\/wp-content\/uploads\/2024\/11\/11528-ESP.mp4[\/videopack]<\/p>\n<p><em>El funcionario del partido Fuerzas Libanesas, Ibrahim El-Sakr particip\u00f3 en un programa que fue difundido el 29 de octubre de 2024 en Spot Shot en YouTube. En este contexto, El-Sakr pidi\u00f3 a Estados Unidos y a la comunidad internacional que ataquen y eliminen a los principales l\u00edderes de Ir\u00e1n. <\/em><\/p>\n<p><em>Tambi\u00e9n afirm\u00f3 que los pa\u00edses bajo control iran\u00ed, espec\u00edficamente Irak, Yemen, Siria, Palestina y el L\u00edbano, han sido destruidos. El-Sakr se\u00f1al\u00f3 adem\u00e1s que no desea liberar Palestina ni Jerusal\u00e9n, insisti\u00f3 en que es responsabilidad de todos los musulmanes, y enfatiz\u00f3 que puede visitar el Vaticano sin necesidad de ir a Jerusal\u00e9n, donde camin\u00f3 Cristo. <\/em><\/p>\n","protected":false},"excerpt":{"rendered":"<p>[videopack id=&#8221;5828&#8243;]<\/p>\n<p><em>El funcionario del partido Fuerzas Libanesas, Ibrahim El-Sakr particip\u00f3 en un programa que fue difundido el 29 de octubre de 2024 en Spot Shot en YouTube. En este contexto, El-Sakr pidi\u00f3 a Estados Unidos y a la comunidad internacional que ataquen y eliminen a los principales l\u00edderes de Ir\u00e1n. <\/em><\/p>\n<p><em>Tambi\u00e9n afirm\u00f3 que los pa\u00edses bajo control iran\u00ed, espec\u00edficamente Irak, Yemen, Siria, Palestina y el L\u00edbano, han sido destruidos. El-Sakr se\u00f1al\u00f3 adem\u00e1s que no desea liberar Palestina ni Jerusal\u00e9n, insisti\u00f3 en que es responsabilidad de todos los musulmanes, y enfatiz\u00f3 que puede visitar el Vaticano sin necesidad de ir a Jerusal\u00e9n, donde camin\u00f3 Cristo. <\/em><\/p>\n","protected":false},"author":3,"featured_media":5827,"comment_status":"open","ping_status":"open","sticky":false,"template":"","format":"video","meta":{"footnotes":""},"categories":[2,18],"tags":[],"class_list":["post-5825","post","type-post","status-publish","format-video","has-post-thumbnail","hentry","category-featured","category-libano","post_format-post-format-video"],"_links":{"self":[{"href":"https:\/\/www2.memri.org\/espanol\/tv\/wp-json\/wp\/v2\/posts\/5825","targetHints":{"allow":["GET"]}}],"collection":[{"href":"https:\/\/www2.memri.org\/espanol\/tv\/wp-json\/wp\/v2\/posts"}],"about":[{"href":"https:\/\/www2.memri.org\/espanol\/tv\/wp-json\/wp\/v2\/types\/post"}],"author":[{"embeddable":true,"href":"https:\/\/www2.memri.org\/espanol\/tv\/wp-json\/wp\/v2\/users\/3"}],"replies":[{"embeddable":true,"href":"https:\/\/www2.memri.org\/espanol\/tv\/wp-json\/wp\/v2\/comments?post=5825"}],"version-history":[{"count":0,"href":"https:\/\/www2.memri.org\/espanol\/tv\/wp-json\/wp\/v2\/posts\/5825\/revisions"}],"wp:featuredmedia":[{"embeddable":true,"href":"https:\/\/www2.memri.org\/espanol\/tv\/wp-json\/wp\/v2\/media\/5827"}],"wp:attachment":[{"href":"https:\/\/www2.memri.org\/espanol\/tv\/wp-json\/wp\/v2\/media?parent=5825"}],"wp:term":[{"taxonomy":"category","embeddable":true,"href":"https:\/\/www2.memri.org\/espanol\/tv\/wp-json\/wp\/v2\/categories?post=5825"},{"taxonomy":"post_tag","embeddable":true,"href":"https:\/\/www2.memri.org\/espanol\/tv\/wp-json\/wp\/v2\/tags?post=5825"}],"curies":[{"name":"wp","href":"https:\/\/api.w.org\/{rel}","templated":true}]}}