{"id":5794,"date":"2024-10-28T16:47:42","date_gmt":"2024-10-28T14:47:42","guid":{"rendered":"https:\/\/www2.memri.org\/espanol\/tv\/?p=5794"},"modified":"2024-10-28T16:47:42","modified_gmt":"2024-10-28T14:47:42","slug":"jefe-de-la-policia-irani-ahmad-reza-radan-deportaremos-a-dos-millones-de-inmigrantes-ilegales-antes-de-fin-de-ano","status":"publish","type":"post","link":"https:\/\/www2.memri.org\/espanol\/tv\/2024\/10\/28\/jefe-de-la-policia-irani-ahmad-reza-radan-deportaremos-a-dos-millones-de-inmigrantes-ilegales-antes-de-fin-de-ano\/","title":{"rendered":"Jefe de la polic\u00eda iran\u00ed, Ahmad-Reza Radan: \u201cDeportaremos a dos millones de inmigrantes ilegales antes de fin de a\u00f1o\u201d"},"content":{"rendered":"<p>[videopack id=&#8221;5798&#8243;]https:\/\/www2.memri.org\/espanol\/tv\/wp-content\/uploads\/2024\/10\/11507-ESP.mp4[\/videopack]<\/p>\n<p><em>En una entrevista publicada en Didarnews en Telegram el 21 de octubre de 2024, el jefe de Polic\u00eda iran\u00ed, Ahmad-Reza Radan, describi\u00f3 su plan para deportar a dos millones de inmigrantes ilegales de Ir\u00e1n antes de fin de a\u00f1o. <\/em><\/p>\n<p><em>En este sentido afirm\u00f3 que los extranjeros que hayan ingresado legalmente a Ir\u00e1n estar\u00e1n protegidos por la polic\u00eda. Radan, quien es de origen afgano, tambi\u00e9n se desempe\u00f1a como comandante en jefe del Comando de Aplicaci\u00f3n de la Ley de la Rep\u00fablica Isl\u00e1mica de Ir\u00e1n.<\/em><\/p>\n","protected":false},"excerpt":{"rendered":"<p>[videopack id=&#8221;5798&#8243;]<\/p>\n<p><em>En una entrevista publicada en Didarnews en Telegram el 21 de octubre de 2024, el jefe de Polic\u00eda iran\u00ed, Ahmad-Reza Radan, describi\u00f3 su plan para deportar a dos millones de inmigrantes ilegales de Ir\u00e1n antes de fin de a\u00f1o. <\/em><\/p>\n<p><em>En este sentido afirm\u00f3 que los extranjeros que hayan ingresado legalmente a Ir\u00e1n estar\u00e1n protegidos por la polic\u00eda. Radan, quien es de origen afgano, tambi\u00e9n se desempe\u00f1a como comandante en jefe del Comando de Aplicaci\u00f3n de la Ley de la Rep\u00fablica Isl\u00e1mica de Ir\u00e1n.<\/em><\/p>\n","protected":false},"author":3,"featured_media":5796,"comment_status":"open","ping_status":"open","sticky":false,"template":"","format":"video","meta":{"footnotes":""},"categories":[2,15],"tags":[],"class_list":["post-5794","post","type-post","status-publish","format-video","has-post-thumbnail","hentry","category-featured","category-iran","post_format-post-format-video"],"_links":{"self":[{"href":"https:\/\/www2.memri.org\/espanol\/tv\/wp-json\/wp\/v2\/posts\/5794","targetHints":{"allow":["GET"]}}],"collection":[{"href":"https:\/\/www2.memri.org\/espanol\/tv\/wp-json\/wp\/v2\/posts"}],"about":[{"href":"https:\/\/www2.memri.org\/espanol\/tv\/wp-json\/wp\/v2\/types\/post"}],"author":[{"embeddable":true,"href":"https:\/\/www2.memri.org\/espanol\/tv\/wp-json\/wp\/v2\/users\/3"}],"replies":[{"embeddable":true,"href":"https:\/\/www2.memri.org\/espanol\/tv\/wp-json\/wp\/v2\/comments?post=5794"}],"version-history":[{"count":0,"href":"https:\/\/www2.memri.org\/espanol\/tv\/wp-json\/wp\/v2\/posts\/5794\/revisions"}],"wp:featuredmedia":[{"embeddable":true,"href":"https:\/\/www2.memri.org\/espanol\/tv\/wp-json\/wp\/v2\/media\/5796"}],"wp:attachment":[{"href":"https:\/\/www2.memri.org\/espanol\/tv\/wp-json\/wp\/v2\/media?parent=5794"}],"wp:term":[{"taxonomy":"category","embeddable":true,"href":"https:\/\/www2.memri.org\/espanol\/tv\/wp-json\/wp\/v2\/categories?post=5794"},{"taxonomy":"post_tag","embeddable":true,"href":"https:\/\/www2.memri.org\/espanol\/tv\/wp-json\/wp\/v2\/tags?post=5794"}],"curies":[{"name":"wp","href":"https:\/\/api.w.org\/{rel}","templated":true}]}}