{"id":5762,"date":"2024-10-17T06:00:04","date_gmt":"2024-10-17T03:00:04","guid":{"rendered":"https:\/\/www2.memri.org\/espanol\/tv\/?p=5762"},"modified":"2024-10-13T09:32:12","modified_gmt":"2024-10-13T06:32:12","slug":"analista-irani-emad-abshenas-no-existe-crisis-de-confianza-entre-hezbollah-e-iran-israel-tambien-tiene-brechas-de-seguridad-la-criada-el-chofer-de-netanyahu-y-el-ministro-de-energia-de-is","status":"publish","type":"post","link":"https:\/\/www2.memri.org\/espanol\/tv\/2024\/10\/17\/analista-irani-emad-abshenas-no-existe-crisis-de-confianza-entre-hezbollah-e-iran-israel-tambien-tiene-brechas-de-seguridad-la-criada-el-chofer-de-netanyahu-y-el-ministro-de-energia-de-is\/","title":{"rendered":"Analista iran\u00ed Emad Abshenas: \u201cNo existe crisis de confianza entre Hezbollah e Ir\u00e1n; Israel tambi\u00e9n tiene brechas de seguridad: la criada, el chofer de Netanyahu y el ministro de Energ\u00eda de Israel fueron todos arrestados por espiar para Ir\u00e1n. Pueden leerlo en la red\u201d"},"content":{"rendered":"<p>[videopack id=&#8221;5767&#8243;]https:\/\/www2.memri.org\/espanol\/tv\/wp-content\/uploads\/2024\/10\/11474-ESP.mp4[\/videopack]<\/p>\n<p><em>El analista iran\u00ed Emad Abshenas, editor jefe de Iran Diplomatic, fue entrevistado el 8 de octubre de 2024 en el canal de televisi\u00f3n de los Emiratos \u00c1rabes Unidos Sky News Arabia.<\/em><\/p>\n<p><em>En este contexto, Abshenas sostuvo que no existe crisis de confianza entre Hezbollah e Ir\u00e1n. Sin embargo, advirti\u00f3 que &#8220;podr\u00eda haber una brecha de seguridad&#8221;. <\/em><\/p>\n<p><em>El analista asegur\u00f3 que Ir\u00e1n alcanz\u00f3 un alto nivel de infiltraci\u00f3n de seguridad en Israel y que la empleada, el chofer y un asistente del primer ministro Netanyahu fueron arrestados y acusados \u200b\u200bde espiar para Ir\u00e1n. Cuando el presentador del programa le pregunt\u00f3 sobre esto, dijo que la informaci\u00f3n al respecto se puede encontrar en Internet. <\/em><\/p>\n","protected":false},"excerpt":{"rendered":"<p>[videopack id=&#8221;5767&#8243;]<\/p>\n<p><em>El analista iran\u00ed Emad Abshenas, editor jefe de Iran Diplomatic, fue entrevistado el 8 de octubre de 2024 en el canal de televisi\u00f3n de los Emiratos \u00c1rabes Unidos Sky News Arabia.<\/em><\/p>\n<p><em>En este contexto, Abshenas sostuvo que no existe crisis de confianza entre Hezbollah e Ir\u00e1n. Sin embargo, advirti\u00f3 que &#8220;podr\u00eda haber una brecha de seguridad&#8221;. <\/em><\/p>\n<p><em>El analista asegur\u00f3 que Ir\u00e1n alcanz\u00f3 un alto nivel de infiltraci\u00f3n de seguridad en Israel y que la empleada, el chofer y un asistente del primer ministro Netanyahu fueron arrestados y acusados \u200b\u200bde espiar para Ir\u00e1n. Cuando el presentador del programa le pregunt\u00f3 sobre esto, dijo que la informaci\u00f3n al respecto se puede encontrar en Internet. <\/em><\/p>\n","protected":false},"author":3,"featured_media":5766,"comment_status":"open","ping_status":"open","sticky":false,"template":"","format":"video","meta":{"footnotes":""},"categories":[2,15],"tags":[],"class_list":["post-5762","post","type-post","status-publish","format-video","has-post-thumbnail","hentry","category-featured","category-iran","post_format-post-format-video"],"_links":{"self":[{"href":"https:\/\/www2.memri.org\/espanol\/tv\/wp-json\/wp\/v2\/posts\/5762","targetHints":{"allow":["GET"]}}],"collection":[{"href":"https:\/\/www2.memri.org\/espanol\/tv\/wp-json\/wp\/v2\/posts"}],"about":[{"href":"https:\/\/www2.memri.org\/espanol\/tv\/wp-json\/wp\/v2\/types\/post"}],"author":[{"embeddable":true,"href":"https:\/\/www2.memri.org\/espanol\/tv\/wp-json\/wp\/v2\/users\/3"}],"replies":[{"embeddable":true,"href":"https:\/\/www2.memri.org\/espanol\/tv\/wp-json\/wp\/v2\/comments?post=5762"}],"version-history":[{"count":0,"href":"https:\/\/www2.memri.org\/espanol\/tv\/wp-json\/wp\/v2\/posts\/5762\/revisions"}],"wp:featuredmedia":[{"embeddable":true,"href":"https:\/\/www2.memri.org\/espanol\/tv\/wp-json\/wp\/v2\/media\/5766"}],"wp:attachment":[{"href":"https:\/\/www2.memri.org\/espanol\/tv\/wp-json\/wp\/v2\/media?parent=5762"}],"wp:term":[{"taxonomy":"category","embeddable":true,"href":"https:\/\/www2.memri.org\/espanol\/tv\/wp-json\/wp\/v2\/categories?post=5762"},{"taxonomy":"post_tag","embeddable":true,"href":"https:\/\/www2.memri.org\/espanol\/tv\/wp-json\/wp\/v2\/tags?post=5762"}],"curies":[{"name":"wp","href":"https:\/\/api.w.org\/{rel}","templated":true}]}}