{"id":5753,"date":"2024-10-15T06:00:59","date_gmt":"2024-10-15T03:00:59","guid":{"rendered":"https:\/\/www2.memri.org\/espanol\/tv\/?p=5753"},"modified":"2024-10-13T09:22:51","modified_gmt":"2024-10-13T06:22:51","slug":"vicesecretario-general-de-hezbollah-naim-qassem-apoyamos-la-iniciativa-de-alto-al-fuego-de-nuestro-gran-hermano-nabih-berri-esta-no-es-una-guerra-por-iran-y-su-influencia-en-la-region-iran-y-h","status":"publish","type":"post","link":"https:\/\/www2.memri.org\/espanol\/tv\/2024\/10\/15\/vicesecretario-general-de-hezbollah-naim-qassem-apoyamos-la-iniciativa-de-alto-al-fuego-de-nuestro-gran-hermano-nabih-berri-esta-no-es-una-guerra-por-iran-y-su-influencia-en-la-region-iran-y-h\/","title":{"rendered":"Vicesecretario general de Hezbollah, Naim Qassem: Apoyamos la iniciativa de alto al fuego de nuestro &#8220;gran hermano&#8221; Nabih Berri; esta no es una guerra por Ir\u00e1n y su influencia en la regi\u00f3n; Ir\u00e1n y Hezbollah est\u00e1n ayudando a los palestinos a liberar su propia tierra"},"content":{"rendered":"<p>[videopack id=&#8221;5756&#8243;]https:\/\/www2.memri.org\/espanol\/tv\/wp-content\/uploads\/2024\/10\/11469-ESP.mp4[\/videopack]<\/p>\n<p><em>E<\/em><em>l vicesecretario general de Hezbollah, Naim Qassem, pronunci\u00f3 un discurso el 8 de octubre de 2024. En la ocasi\u00f3n, Qassem dijo que Hezbollah apoya la iniciativa de cese de fuego del presidente del parlamento y l\u00edder del movimiento Amal, Nabih Berri, a quien se refiri\u00f3 como un &#8220;gran hermano&#8221;. <\/em><\/p>\n<p><em>Qassem tambi\u00e9n se\u00f1al\u00f3 que, pesar de las &#8220;mentiras&#8221; de Netanyahu, esta no es una guerra por Ir\u00e1n y su influencia en la regi\u00f3n. A continuaci\u00f3n, agreg\u00f3 que Ir\u00e1n y Hezbollah est\u00e1n ayudando a los palestinos a liberar su propia tierra. <\/em><\/p>\n<p><em>El discurso fue transmitido por el canal de televisi\u00f3n Al-Manar (Hezbollah-L\u00edbano) y fue reproducido en una transmisi\u00f3n del canal de televisi\u00f3n de los Emiratos \u00c1rabes Unidos Sky News Arabia. <\/em><\/p>\n","protected":false},"excerpt":{"rendered":"<p>[videopack id=&#8221;5756&#8243;]<\/p>\n<p><em>E<\/em><em>l vicesecretario general de Hezbollah, Naim Qassem, pronunci\u00f3 un discurso el 8 de octubre de 2024. En la ocasi\u00f3n, Qassem dijo que Hezbollah apoya la iniciativa de cese de fuego del presidente del parlamento y l\u00edder del movimiento Amal, Nabih Berri, a quien se refiri\u00f3 como un &#8220;gran hermano&#8221;. <\/em><\/p>\n<p><em>Qassem tambi\u00e9n se\u00f1al\u00f3 que, pesar de las &#8220;mentiras&#8221; de Netanyahu, esta no es una guerra por Ir\u00e1n y su influencia en la regi\u00f3n. A continuaci\u00f3n, agreg\u00f3 que Ir\u00e1n y Hezbollah est\u00e1n ayudando a los palestinos a liberar su propia tierra. <\/em><\/p>\n<p><em>El discurso fue transmitido por el canal de televisi\u00f3n Al-Manar (Hezbollah-L\u00edbano) y fue reproducido en una transmisi\u00f3n del canal de televisi\u00f3n de los Emiratos \u00c1rabes Unidos Sky News Arabia. <\/em><\/p>\n","protected":false},"author":3,"featured_media":5743,"comment_status":"open","ping_status":"open","sticky":false,"template":"","format":"video","meta":{"footnotes":""},"categories":[2,616],"tags":[],"class_list":["post-5753","post","type-post","status-publish","format-video","has-post-thumbnail","hentry","category-featured","category-hezbollah","post_format-post-format-video"],"_links":{"self":[{"href":"https:\/\/www2.memri.org\/espanol\/tv\/wp-json\/wp\/v2\/posts\/5753","targetHints":{"allow":["GET"]}}],"collection":[{"href":"https:\/\/www2.memri.org\/espanol\/tv\/wp-json\/wp\/v2\/posts"}],"about":[{"href":"https:\/\/www2.memri.org\/espanol\/tv\/wp-json\/wp\/v2\/types\/post"}],"author":[{"embeddable":true,"href":"https:\/\/www2.memri.org\/espanol\/tv\/wp-json\/wp\/v2\/users\/3"}],"replies":[{"embeddable":true,"href":"https:\/\/www2.memri.org\/espanol\/tv\/wp-json\/wp\/v2\/comments?post=5753"}],"version-history":[{"count":0,"href":"https:\/\/www2.memri.org\/espanol\/tv\/wp-json\/wp\/v2\/posts\/5753\/revisions"}],"wp:featuredmedia":[{"embeddable":true,"href":"https:\/\/www2.memri.org\/espanol\/tv\/wp-json\/wp\/v2\/media\/5743"}],"wp:attachment":[{"href":"https:\/\/www2.memri.org\/espanol\/tv\/wp-json\/wp\/v2\/media?parent=5753"}],"wp:term":[{"taxonomy":"category","embeddable":true,"href":"https:\/\/www2.memri.org\/espanol\/tv\/wp-json\/wp\/v2\/categories?post=5753"},{"taxonomy":"post_tag","embeddable":true,"href":"https:\/\/www2.memri.org\/espanol\/tv\/wp-json\/wp\/v2\/tags?post=5753"}],"curies":[{"name":"wp","href":"https:\/\/api.w.org\/{rel}","templated":true}]}}