{"id":5680,"date":"2024-09-23T15:35:14","date_gmt":"2024-09-23T12:35:14","guid":{"rendered":"https:\/\/www2.memri.org\/espanol\/tv\/?p=5680"},"modified":"2024-09-23T15:35:14","modified_gmt":"2024-09-23T12:35:14","slug":"parlamentario-de-hezbollah-ibrahim-al-moussawi-responde-al-ataque-al-buscapersonas-este-crimen-fue-como-el-genocidio-en-gaza-hezbollah-no-lo-dejara-impune-tomaremos-represalias","status":"publish","type":"post","link":"https:\/\/www2.memri.org\/espanol\/tv\/2024\/09\/23\/parlamentario-de-hezbollah-ibrahim-al-moussawi-responde-al-ataque-al-buscapersonas-este-crimen-fue-como-el-genocidio-en-gaza-hezbollah-no-lo-dejara-impune-tomaremos-represalias\/","title":{"rendered":"Parlamentario de Hezbollah Ibrahim Al-Moussawi responde al &#8220;ataque al buscapersonas&#8221;: \u201cEste crimen fue como el genocidio en Gaza; Hezbollah no lo dejar\u00e1 impune; tomaremos represalias\u201d"},"content":{"rendered":"<p>[videopack id=&#8221;5683&#8243;]https:\/\/www2.memri.org\/espanol\/tv\/wp-content\/uploads\/2024\/09\/11409.ESP-mp4.mp4[\/videopack]<\/p>\n<p><em>El parlamentario de Hezbollah Ibrahim Al-Moussawi fue entrevistado el 17 de septiembre de 2024 en la red Al-Jazeera (Qatar) poco despu\u00e9s de que ocurriera el incidente de la explosi\u00f3n simult\u00e1nea de los dispositivos buscapersonas. <\/em><\/p>\n<p><em>Al-Moussawi advirti\u00f3 que Hezbollah tomar\u00e1 represalias por el &#8220;atroz&#8221; crimen del &#8220;ataque a los dispositivos buscapersonas&#8221; y que Hezbollah tomar\u00e1 represalias por ese&#8221;atroz&#8221; crimen.<\/em><\/p>\n<p><em>El parlamentario compar\u00f3 esta operaci\u00f3n con los &#8220;cr\u00edmenes de genocidio en Gaza&#8221;. Mousawi atribuy\u00f3 el ataque a Israel y afirm\u00f3 que estuvo dirigido tanto a civiles como a combatientes. <\/em><\/p>\n<p><em>Ibrahim Al-Moussawi habl\u00f3 al tiempo que hac\u00eda un llamado de condolencias al parlamentario de Hezbollah, Ali Ammar, cuyo hijo muri\u00f3 en el ataque. Seg\u00fan los informes, unas 4.000 personas resultaron heridas en el ataque y decenas murieron. <\/em><\/p>\n","protected":false},"excerpt":{"rendered":"<p>[videopack id=&#8221;5683&#8243;]<\/p>\n<p><em>El parlamentario de Hezbollah Ibrahim Al-Moussawi fue entrevistado el 17 de septiembre de 2024 en la red Al-Jazeera (Qatar) poco despu\u00e9s de que ocurriera el incidente de la explosi\u00f3n simult\u00e1nea de los dispositivos buscapersonas. <\/em><\/p>\n<p><em>Al-Moussawi advirti\u00f3 que Hezbollah tomar\u00e1 represalias por el &#8220;atroz&#8221; crimen del &#8220;ataque a los dispositivos buscapersonas&#8221; y que Hezbollah tomar\u00e1 represalias por ese&#8221;atroz&#8221; crimen.<\/em><\/p>\n<p><em>El parlamentario compar\u00f3 esta operaci\u00f3n con los &#8220;cr\u00edmenes de genocidio en Gaza&#8221;. Mousawi atribuy\u00f3 el ataque a Israel y afirm\u00f3 que estuvo dirigido tanto a civiles como a combatientes. <\/em><\/p>\n<p><em>Ibrahim Al-Moussawi habl\u00f3 al tiempo que hac\u00eda un llamado de condolencias al parlamentario de Hezbollah, Ali Ammar, cuyo hijo muri\u00f3 en el ataque. Seg\u00fan los informes, unas 4.000 personas resultaron heridas en el ataque y decenas murieron. <\/em><\/p>\n","protected":false},"author":3,"featured_media":5682,"comment_status":"open","ping_status":"open","sticky":false,"template":"","format":"video","meta":{"footnotes":""},"categories":[2,18],"tags":[],"class_list":["post-5680","post","type-post","status-publish","format-video","has-post-thumbnail","hentry","category-featured","category-libano","post_format-post-format-video"],"_links":{"self":[{"href":"https:\/\/www2.memri.org\/espanol\/tv\/wp-json\/wp\/v2\/posts\/5680","targetHints":{"allow":["GET"]}}],"collection":[{"href":"https:\/\/www2.memri.org\/espanol\/tv\/wp-json\/wp\/v2\/posts"}],"about":[{"href":"https:\/\/www2.memri.org\/espanol\/tv\/wp-json\/wp\/v2\/types\/post"}],"author":[{"embeddable":true,"href":"https:\/\/www2.memri.org\/espanol\/tv\/wp-json\/wp\/v2\/users\/3"}],"replies":[{"embeddable":true,"href":"https:\/\/www2.memri.org\/espanol\/tv\/wp-json\/wp\/v2\/comments?post=5680"}],"version-history":[{"count":0,"href":"https:\/\/www2.memri.org\/espanol\/tv\/wp-json\/wp\/v2\/posts\/5680\/revisions"}],"wp:featuredmedia":[{"embeddable":true,"href":"https:\/\/www2.memri.org\/espanol\/tv\/wp-json\/wp\/v2\/media\/5682"}],"wp:attachment":[{"href":"https:\/\/www2.memri.org\/espanol\/tv\/wp-json\/wp\/v2\/media?parent=5680"}],"wp:term":[{"taxonomy":"category","embeddable":true,"href":"https:\/\/www2.memri.org\/espanol\/tv\/wp-json\/wp\/v2\/categories?post=5680"},{"taxonomy":"post_tag","embeddable":true,"href":"https:\/\/www2.memri.org\/espanol\/tv\/wp-json\/wp\/v2\/tags?post=5680"}],"curies":[{"name":"wp","href":"https:\/\/api.w.org\/{rel}","templated":true}]}}