{"id":5675,"date":"2024-09-23T15:00:46","date_gmt":"2024-09-23T12:00:46","guid":{"rendered":"https:\/\/www2.memri.org\/espanol\/tv\/?p=5675"},"modified":"2024-09-23T15:00:46","modified_gmt":"2024-09-23T12:00:46","slug":"iran-lanza-el-satelite-chamran-1-su-mision-es-demostrar-su-tecnologia-de-transicion-orbital-y-trayectoria","status":"publish","type":"post","link":"https:\/\/www2.memri.org\/espanol\/tv\/2024\/09\/23\/iran-lanza-el-satelite-chamran-1-su-mision-es-demostrar-su-tecnologia-de-transicion-orbital-y-trayectoria\/","title":{"rendered":"Ir\u00e1n lanza el sat\u00e9lite Chamran-1; su misi\u00f3n es demostrar su tecnolog\u00eda de transici\u00f3n orbital y trayectoria"},"content":{"rendered":"<p>[videopack id=&#8221;5679&#8243;]https:\/\/www2.memri.org\/espanol\/tv\/wp-content\/uploads\/2024\/09\/11408-ESP1.mp4[\/videopack]<\/p>\n<p><em>El canal de televisi\u00f3n iran\u00ed IRINN realiz\u00f3, el 14 de septiembre de 2024, una transmisi\u00f3n dedicada al lanzamiento del sat\u00e9lite Chamran-1. <\/em><\/p>\n<p><em>En este contexto, el viceministro de Defensa de Ir\u00e1n, almirante Amir Rastegari &#8211; quien tambi\u00e9n es el director ejecutivo de Industrias Electr\u00f3nicas del Ministerio de Defensa iran\u00ed &#8211; dijo que el lanzamiento ten\u00eda como objetivo demostrar la tecnolog\u00eda de transici\u00f3n orbital y cambio de trayectoria del sat\u00e9lite. <\/em><\/p>\n<p><em>El comandante de la Divisi\u00f3n Espacial de la Fuerza Aeroespacial de la Guardia Revolucionaria, general Ali Jafarabadi, explic\u00f3 que el sat\u00e9lite fue lanzado utilizando &#8220;\u00faltimas tecnolog\u00edas&#8221; y cu\u00e1les ser\u00e1n las pr\u00f3ximas fases del proyecto satelital de Ir\u00e1n. El almirante Rastegari dijo que el sat\u00e9lite no recopilar\u00e1 ni transmitir\u00e1 datos, sino que se encargar\u00e1 de maniobrar la trayectoria orbital. <\/em><\/p>\n","protected":false},"excerpt":{"rendered":"<p>[videopack id=&#8221;5679&#8243;]<\/p>\n<p><em>El canal de televisi\u00f3n iran\u00ed IRINN realiz\u00f3, el 14 de septiembre de 2024, una transmisi\u00f3n dedicada al lanzamiento del sat\u00e9lite Chamran-1. <\/em><\/p>\n<p><em>En este contexto, el viceministro de Defensa de Ir\u00e1n, almirante Amir Rastegari &#8211; quien tambi\u00e9n es el director ejecutivo de Industrias Electr\u00f3nicas del Ministerio de Defensa iran\u00ed &#8211; dijo que el lanzamiento ten\u00eda como objetivo demostrar la tecnolog\u00eda de transici\u00f3n orbital y cambio de trayectoria del sat\u00e9lite. <\/em><\/p>\n<p><em>El comandante de la Divisi\u00f3n Espacial de la Fuerza Aeroespacial de la Guardia Revolucionaria, general Ali Jafarabadi, explic\u00f3 que el sat\u00e9lite fue lanzado utilizando &#8220;\u00faltimas tecnolog\u00edas&#8221; y cu\u00e1les ser\u00e1n las pr\u00f3ximas fases del proyecto satelital de Ir\u00e1n. El almirante Rastegari dijo que el sat\u00e9lite no recopilar\u00e1 ni transmitir\u00e1 datos, sino que se encargar\u00e1 de maniobrar la trayectoria orbital. <\/em><\/p>\n","protected":false},"author":3,"featured_media":5677,"comment_status":"open","ping_status":"open","sticky":false,"template":"","format":"video","meta":{"footnotes":""},"categories":[2,15],"tags":[],"class_list":["post-5675","post","type-post","status-publish","format-video","has-post-thumbnail","hentry","category-featured","category-iran","post_format-post-format-video"],"_links":{"self":[{"href":"https:\/\/www2.memri.org\/espanol\/tv\/wp-json\/wp\/v2\/posts\/5675","targetHints":{"allow":["GET"]}}],"collection":[{"href":"https:\/\/www2.memri.org\/espanol\/tv\/wp-json\/wp\/v2\/posts"}],"about":[{"href":"https:\/\/www2.memri.org\/espanol\/tv\/wp-json\/wp\/v2\/types\/post"}],"author":[{"embeddable":true,"href":"https:\/\/www2.memri.org\/espanol\/tv\/wp-json\/wp\/v2\/users\/3"}],"replies":[{"embeddable":true,"href":"https:\/\/www2.memri.org\/espanol\/tv\/wp-json\/wp\/v2\/comments?post=5675"}],"version-history":[{"count":0,"href":"https:\/\/www2.memri.org\/espanol\/tv\/wp-json\/wp\/v2\/posts\/5675\/revisions"}],"wp:featuredmedia":[{"embeddable":true,"href":"https:\/\/www2.memri.org\/espanol\/tv\/wp-json\/wp\/v2\/media\/5677"}],"wp:attachment":[{"href":"https:\/\/www2.memri.org\/espanol\/tv\/wp-json\/wp\/v2\/media?parent=5675"}],"wp:term":[{"taxonomy":"category","embeddable":true,"href":"https:\/\/www2.memri.org\/espanol\/tv\/wp-json\/wp\/v2\/categories?post=5675"},{"taxonomy":"post_tag","embeddable":true,"href":"https:\/\/www2.memri.org\/espanol\/tv\/wp-json\/wp\/v2\/tags?post=5675"}],"curies":[{"name":"wp","href":"https:\/\/api.w.org\/{rel}","templated":true}]}}