{"id":5654,"date":"2024-09-22T06:26:41","date_gmt":"2024-09-22T03:26:41","guid":{"rendered":"https:\/\/www2.memri.org\/espanol\/tv\/?p=5654"},"modified":"2024-09-22T06:26:41","modified_gmt":"2024-09-22T03:26:41","slug":"asesor-principal-de-khamenei-alireza-panahian-los-diarios-que-participan-en-polarizacion-deben-ser-cerrados-incluso-si-son-financiados-por-el-gobierno","status":"publish","type":"post","link":"https:\/\/www2.memri.org\/espanol\/tv\/2024\/09\/22\/asesor-principal-de-khamenei-alireza-panahian-los-diarios-que-participan-en-polarizacion-deben-ser-cerrados-incluso-si-son-financiados-por-el-gobierno\/","title":{"rendered":"Asesor principal de Khamenei, Alireza Panahian: \u201cLos diarios que participan en polarizaci\u00f3n deben ser cerrados, incluso si son financiados por el gobierno\u201d"},"content":{"rendered":"<p>[videopack id=&#8221;5657&#8243;]https:\/\/www2.memri.org\/espanol\/tv\/wp-content\/uploads\/2024\/09\/11400-ESP.mp4[\/videopack]<\/p>\n<p><em>Alireza Panahian, director del grupo de expertos acad\u00e9micos del l\u00edder supremo iran\u00ed Khamenei pronunci\u00f3 un discurso el 4 de septiembre de 2024, que fue publicado en EtemadOnline.com (Ir\u00e1n) <\/em><\/p>\n<p><em>En su alocuci\u00f3n, Panahian inst\u00f3 al presidente del Majlis a que promulgue regulaciones para abordar la &#8220;polarizaci\u00f3n&#8221; en los medios de comunicaci\u00f3n. En este sentido, sostuvo que los diarios que participan en la polarizaci\u00f3n deben ser cerrados, ya sean financiados por el estado o pertenezcan a la oposici\u00f3n. <\/em><\/p>\n<p><em>Panahian se\u00f1al\u00f3 tambi\u00e9n que publicar informaci\u00f3n falsa en los diarios est\u00e1 mal, pero participar en polarizaci\u00f3n es peor, porque conduce a la desesperaci\u00f3n en la sociedad. Panahian habl\u00f3 en una conferencia a la que asisti\u00f3 el presidente del Majlis. <\/em><\/p>\n","protected":false},"excerpt":{"rendered":"<p>[videopack id=&#8221;5657&#8243;]<\/p>\n<p><em>Alireza Panahian, director del grupo de expertos acad\u00e9micos del l\u00edder supremo iran\u00ed Khamenei pronunci\u00f3 un discurso el 4 de septiembre de 2024, que fue publicado en EtemadOnline.com (Ir\u00e1n) <\/em><\/p>\n<p><em>En su alocuci\u00f3n, Panahian inst\u00f3 al presidente del Majlis a que promulgue regulaciones para abordar la &#8220;polarizaci\u00f3n&#8221; en los medios de comunicaci\u00f3n. En este sentido, sostuvo que los diarios que participan en la polarizaci\u00f3n deben ser cerrados, ya sean financiados por el estado o pertenezcan a la oposici\u00f3n. <\/em><\/p>\n<p><em>Panahian se\u00f1al\u00f3 tambi\u00e9n que publicar informaci\u00f3n falsa en los diarios est\u00e1 mal, pero participar en polarizaci\u00f3n es peor, porque conduce a la desesperaci\u00f3n en la sociedad. Panahian habl\u00f3 en una conferencia a la que asisti\u00f3 el presidente del Majlis. <\/em><\/p>\n","protected":false},"author":3,"featured_media":5656,"comment_status":"open","ping_status":"open","sticky":false,"template":"","format":"video","meta":{"footnotes":""},"categories":[2,15],"tags":[],"class_list":["post-5654","post","type-post","status-publish","format-video","has-post-thumbnail","hentry","category-featured","category-iran","post_format-post-format-video"],"_links":{"self":[{"href":"https:\/\/www2.memri.org\/espanol\/tv\/wp-json\/wp\/v2\/posts\/5654","targetHints":{"allow":["GET"]}}],"collection":[{"href":"https:\/\/www2.memri.org\/espanol\/tv\/wp-json\/wp\/v2\/posts"}],"about":[{"href":"https:\/\/www2.memri.org\/espanol\/tv\/wp-json\/wp\/v2\/types\/post"}],"author":[{"embeddable":true,"href":"https:\/\/www2.memri.org\/espanol\/tv\/wp-json\/wp\/v2\/users\/3"}],"replies":[{"embeddable":true,"href":"https:\/\/www2.memri.org\/espanol\/tv\/wp-json\/wp\/v2\/comments?post=5654"}],"version-history":[{"count":0,"href":"https:\/\/www2.memri.org\/espanol\/tv\/wp-json\/wp\/v2\/posts\/5654\/revisions"}],"wp:featuredmedia":[{"embeddable":true,"href":"https:\/\/www2.memri.org\/espanol\/tv\/wp-json\/wp\/v2\/media\/5656"}],"wp:attachment":[{"href":"https:\/\/www2.memri.org\/espanol\/tv\/wp-json\/wp\/v2\/media?parent=5654"}],"wp:term":[{"taxonomy":"category","embeddable":true,"href":"https:\/\/www2.memri.org\/espanol\/tv\/wp-json\/wp\/v2\/categories?post=5654"},{"taxonomy":"post_tag","embeddable":true,"href":"https:\/\/www2.memri.org\/espanol\/tv\/wp-json\/wp\/v2\/tags?post=5654"}],"curies":[{"name":"wp","href":"https:\/\/api.w.org\/{rel}","templated":true}]}}