{"id":5641,"date":"2024-09-18T05:10:42","date_gmt":"2024-09-18T02:10:42","guid":{"rendered":"https:\/\/www2.memri.org\/espanol\/tv\/?p=5641"},"modified":"2024-09-14T16:46:30","modified_gmt":"2024-09-14T13:46:30","slug":"alto-funcionario-de-hamas-osama-hamdan-solo-un-acuerdo-negociado-traera-de-regreso-a-los-rehenes-israelies-de-lo-contrario-regresaran-en-ataudes-o-su-destino-seguira-siendo-desconocido-co","status":"publish","type":"post","link":"https:\/\/www2.memri.org\/espanol\/tv\/2024\/09\/18\/alto-funcionario-de-hamas-osama-hamdan-solo-un-acuerdo-negociado-traera-de-regreso-a-los-rehenes-israelies-de-lo-contrario-regresaran-en-ataudes-o-su-destino-seguira-siendo-desconocido-co\/","title":{"rendered":"Alto funcionario de Ham\u00e1s Osama Hamdan: \u201cSolo un acuerdo negociado traer\u00e1 de regreso a los rehenes israel\u00edes; de lo contrario, regresar\u00e1n en ata\u00fades o su destino seguir\u00e1 siendo desconocido, como en el caso de Ron Arad\u201d"},"content":{"rendered":"<p>[videopack id=&#8221;5645&#8243;]https:\/\/www2.memri.org\/espanol\/tv\/wp-content\/uploads\/2024\/09\/11394-ESP.mp4[\/videopack]<\/p>\n<p><em>Osama Hamdan, miembro del bur\u00f3 pol\u00edtico de Ham\u00e1s, fue entrevistado el 3 de septiembre de 2024 en la red Al-Jazeera (Qatar). En este contexto, Hamdan advirti\u00f3 a israel que no realice nuevas operaciones de rescate de rehenes, ya que solo han resultado en la muerte de los secuestrados. <\/em><\/p>\n<p><em>Osama Hamdan tambi\u00e9n sostuvo que s\u00f3lo un acuerdo negociado permitir\u00e1 el retorno de los rehenes, a los que se refiri\u00f3 como &#8220;prisioneros&#8221;. Por \u00faltimo argument\u00f3 que, si no se llega a un acuerdo, regresar\u00e1n en ata\u00fades o su destino ser\u00e1 desconocido, como el del oficial de sistemas de armas israel\u00ed Ron Arad, que desapareci\u00f3 en acci\u00f3n en 1986. <\/em><\/p>\n","protected":false},"excerpt":{"rendered":"<p>[videopack id=&#8221;5645&#8243;]<\/p>\n<p><em>Osama Hamdan, miembro del bur\u00f3 pol\u00edtico de Ham\u00e1s, fue entrevistado el 3 de septiembre de 2024 en la red Al-Jazeera (Qatar). En este contexto, Hamdan advirti\u00f3 a israel que no realice nuevas operaciones de rescate de rehenes, ya que solo han resultado en la muerte de los secuestrados. <\/em><\/p>\n<p><em>Osama Hamdan tambi\u00e9n sostuvo que s\u00f3lo un acuerdo negociado permitir\u00e1 el retorno de los rehenes, a los que se refiri\u00f3 como &#8220;prisioneros&#8221;. Por \u00faltimo argument\u00f3 que, si no se llega a un acuerdo, regresar\u00e1n en ata\u00fades o su destino ser\u00e1 desconocido, como el del oficial de sistemas de armas israel\u00ed Ron Arad, que desapareci\u00f3 en acci\u00f3n en 1986. <\/em><\/p>\n","protected":false},"author":3,"featured_media":5643,"comment_status":"open","ping_status":"open","sticky":false,"template":"","format":"video","meta":{"footnotes":""},"categories":[2,611],"tags":[],"class_list":["post-5641","post","type-post","status-publish","format-video","has-post-thumbnail","hentry","category-featured","category-hamas-2","post_format-post-format-video"],"_links":{"self":[{"href":"https:\/\/www2.memri.org\/espanol\/tv\/wp-json\/wp\/v2\/posts\/5641","targetHints":{"allow":["GET"]}}],"collection":[{"href":"https:\/\/www2.memri.org\/espanol\/tv\/wp-json\/wp\/v2\/posts"}],"about":[{"href":"https:\/\/www2.memri.org\/espanol\/tv\/wp-json\/wp\/v2\/types\/post"}],"author":[{"embeddable":true,"href":"https:\/\/www2.memri.org\/espanol\/tv\/wp-json\/wp\/v2\/users\/3"}],"replies":[{"embeddable":true,"href":"https:\/\/www2.memri.org\/espanol\/tv\/wp-json\/wp\/v2\/comments?post=5641"}],"version-history":[{"count":0,"href":"https:\/\/www2.memri.org\/espanol\/tv\/wp-json\/wp\/v2\/posts\/5641\/revisions"}],"wp:featuredmedia":[{"embeddable":true,"href":"https:\/\/www2.memri.org\/espanol\/tv\/wp-json\/wp\/v2\/media\/5643"}],"wp:attachment":[{"href":"https:\/\/www2.memri.org\/espanol\/tv\/wp-json\/wp\/v2\/media?parent=5641"}],"wp:term":[{"taxonomy":"category","embeddable":true,"href":"https:\/\/www2.memri.org\/espanol\/tv\/wp-json\/wp\/v2\/categories?post=5641"},{"taxonomy":"post_tag","embeddable":true,"href":"https:\/\/www2.memri.org\/espanol\/tv\/wp-json\/wp\/v2\/tags?post=5641"}],"curies":[{"name":"wp","href":"https:\/\/api.w.org\/{rel}","templated":true}]}}