{"id":560,"date":"2023-01-21T16:27:24","date_gmt":"2023-01-21T20:27:24","guid":{"rendered":"https:\/\/www2.memri.org\/espanol\/tv\/?p=560"},"modified":"2023-02-15T16:32:18","modified_gmt":"2023-02-15T20:32:18","slug":"activistas-celebran-el-dia-de-la-ira-en-nueva-york-pidiendo-la-liberacion-de-los-palestinos-encarcelados-por-terrorismo-en-israel-cantando-aplastar-al-estado-sionista-de-los-colonos-n","status":"publish","type":"post","link":"https:\/\/www2.memri.org\/espanol\/tv\/2023\/01\/21\/activistas-celebran-el-dia-de-la-ira-en-nueva-york-pidiendo-la-liberacion-de-los-palestinos-encarcelados-por-terrorismo-en-israel-cantando-aplastar-al-estado-sionista-de-los-colonos-n\/","title":{"rendered":"Activistas celebran el &#8216;D\u00eda de la Ira&#8217; en Nueva York pidiendo la liberaci\u00f3n de los palestinos encarcelados por terrorismo en Israel, cantando: &#8216;Aplastar al Estado sionista de los colonos&#8230; \u00a1No queremos dos estados, lo queremos todo!&#8217;"},"content":{"rendered":"<p>[videopack id=&#8221;561&#8243;]https:\/\/www2.memri.org\/espanol\/tv\/wp-content\/uploads\/2023\/02\/10071-ESP.mp4[\/videopack]<\/p>\n<p><em>El 21 de enero de 2023, las organizaciones anti-Israel Samidoun y Within Our Lifetime celebraron un &#8220;d\u00eda de ira&#8221; en la Grand Central Station de Nueva York. La manifestaci\u00f3n se llev\u00f3 a cabo para pedir la liberaci\u00f3n del l\u00edder del Frente Para la Liberaci\u00f3n de Palestina, Ahmad Sa&#8217;adat, que cumple una condena de 30 a\u00f1os en Israel por orquestar el asesinato del entonces ministro israel\u00ed Rehavam Ze&#8217;evi, en el a\u00f1o 2001.<\/em><\/p>\n<p><em>Tambi\u00e9n pidieron la liberaci\u00f3n de Ahmad Manasra, un joven palestino que cumple una condena de prisi\u00f3n en Israel por intento de asesinato de un adolescente israel\u00ed. Los manifestantes corearon &#8220;\u00a1Libertad a todos, el sionismo debe caer!&#8221;, &#8220;\u00a1Con nuestro esp\u00edritu y nuestra sangre, te redimiremos, oh Palestina!&#8221;, &#8220;\u00a1No queremos dos estados, lo queremos todo!&#8221;, &#8220;\u00a1Cinco, seis, siete, ocho, aplastar el Estado sionista de colonos!&#8221;, y &#8220;\u00a1Globalizar la Intifada!&#8221; <\/em><\/p>\n<p><em>Samidoun fue fundada por miembros del Frente Para la Liberaci\u00f3n de Palestina y es considerada por Israel como una organizaci\u00f3n terrorista. Las im\u00e1genes fueron publicadas en las redes sociales por Within Our Lifetime y por el periodista Christopher Leon Johnson.<\/em><\/p>\n","protected":false},"excerpt":{"rendered":"<p>[videopack id=&#8221;561&#8243;]<\/p>\n<p><em>El 21 de enero de 2023, las organizaciones anti-Israel Samidoun y Within Our Lifetime celebraron un &#8220;d\u00eda de ira&#8221; en la Grand Central Station de Nueva York. La manifestaci\u00f3n se llev\u00f3 a cabo para pedir la liberaci\u00f3n del l\u00edder del Frente Para la Liberaci\u00f3n de Palestina, Ahmad Sa&#8217;adat, que cumple una condena de 30 a\u00f1os en Israel por orquestar el asesinato del entonces ministro israel\u00ed Rehavam Ze&#8217;evi, en el a\u00f1o 2001.<\/em><\/p>\n<p><em>Tambi\u00e9n pidieron la liberaci\u00f3n de Ahmad Manasra, un joven palestino que cumple una condena de prisi\u00f3n en Israel por intento de asesinato de un adolescente israel\u00ed. Los manifestantes corearon &#8220;\u00a1Libertad a todos, el sionismo debe caer!&#8221;, &#8220;\u00a1Con nuestro esp\u00edritu y nuestra sangre, te redimiremos, oh Palestina!&#8221;, &#8220;\u00a1No queremos dos estados, lo queremos todo!&#8221;, &#8220;\u00a1Cinco, seis, siete, ocho, aplastar el Estado sionista de colonos!&#8221;, y &#8220;\u00a1Globalizar la Intifada!&#8221; <\/em><\/p>\n<p><em>Samidoun fue fundada por miembros del Frente Para la Liberaci\u00f3n de Palestina y es considerada por Israel como una organizaci\u00f3n terrorista. Las im\u00e1genes fueron publicadas en las redes sociales por Within Our Lifetime y por el periodista Christopher Leon Johnson.<\/em><\/p>\n","protected":false},"author":3,"featured_media":562,"comment_status":"open","ping_status":"open","sticky":false,"template":"","format":"video","meta":{"footnotes":""},"categories":[12,360,5,142],"tags":[],"class_list":["post-560","post","type-post","status-publish","format-video","has-post-thumbnail","hentry","category-estados-unidos","category-manifestacion-contra-israel-en-nueva-york","category-paises","category-temas","post_format-post-format-video"],"_links":{"self":[{"href":"https:\/\/www2.memri.org\/espanol\/tv\/wp-json\/wp\/v2\/posts\/560","targetHints":{"allow":["GET"]}}],"collection":[{"href":"https:\/\/www2.memri.org\/espanol\/tv\/wp-json\/wp\/v2\/posts"}],"about":[{"href":"https:\/\/www2.memri.org\/espanol\/tv\/wp-json\/wp\/v2\/types\/post"}],"author":[{"embeddable":true,"href":"https:\/\/www2.memri.org\/espanol\/tv\/wp-json\/wp\/v2\/users\/3"}],"replies":[{"embeddable":true,"href":"https:\/\/www2.memri.org\/espanol\/tv\/wp-json\/wp\/v2\/comments?post=560"}],"version-history":[{"count":0,"href":"https:\/\/www2.memri.org\/espanol\/tv\/wp-json\/wp\/v2\/posts\/560\/revisions"}],"wp:featuredmedia":[{"embeddable":true,"href":"https:\/\/www2.memri.org\/espanol\/tv\/wp-json\/wp\/v2\/media\/562"}],"wp:attachment":[{"href":"https:\/\/www2.memri.org\/espanol\/tv\/wp-json\/wp\/v2\/media?parent=560"}],"wp:term":[{"taxonomy":"category","embeddable":true,"href":"https:\/\/www2.memri.org\/espanol\/tv\/wp-json\/wp\/v2\/categories?post=560"},{"taxonomy":"post_tag","embeddable":true,"href":"https:\/\/www2.memri.org\/espanol\/tv\/wp-json\/wp\/v2\/tags?post=560"}],"curies":[{"name":"wp","href":"https:\/\/api.w.org\/{rel}","templated":true}]}}