{"id":5592,"date":"2024-09-12T05:02:37","date_gmt":"2024-09-12T02:02:37","guid":{"rendered":"https:\/\/www2.memri.org\/espanol\/tv\/?p=5592"},"modified":"2024-09-07T19:32:54","modified_gmt":"2024-09-07T16:32:54","slug":"el-fiscal-de-la-cpi-karim-khan-dijo-en-una-conferencia-en-junio-de-2023-sobre-las-ong-palestinas-estaban-muy-molestos-porque-no-estoy-dando-declaraciones-preventivas-el-resultado-deberia-ser-l","status":"publish","type":"post","link":"https:\/\/www2.memri.org\/espanol\/tv\/2024\/09\/12\/el-fiscal-de-la-cpi-karim-khan-dijo-en-una-conferencia-en-junio-de-2023-sobre-las-ong-palestinas-estaban-muy-molestos-porque-no-estoy-dando-declaraciones-preventivas-el-resultado-deberia-ser-l\/","title":{"rendered":"El fiscal de la CPI, Karim Khan, dijo en una conferencia en junio de 2023 sobre las ONG palestinas: &#8220;Estaban muy molestos porque no estoy dando declaraciones preventivas&#8230; El resultado deber\u00eda ser la solicitud de \u00f3rdenes judiciales y las causas que se presenten ante el tribunal&#8221;"},"content":{"rendered":"<p>[videopack id=&#8221;5595&#8243;]https:\/\/www2.memri.org\/espanol\/tv\/wp-content\/uploads\/2024\/09\/11375-ESP.mp4[\/videopack]<\/p>\n<p><em>En una conferencia que dio en el evento conmemorativo de Harry Weinrebe del Instituto Brit\u00e1nico de Derecho Internacional y Comparado (BIICL) en junio de 2023, el fiscal jefe de la CPI, Karim Khan, describi\u00f3 una reuni\u00f3n que sostuvo con ONG palestinas &#8220;molestas&#8221; que le pidieron emitiera &#8220;declaraciones preventivas&#8221; contra Israel. <\/em><\/p>\n<p><em>En este sentido, el fiscal Khan dijo: &#8220;Estaban muy molestos porque no estoy dando declaraciones preventivas. Les respond\u00ed que no soy un relator especial, no soy el Alto Comisionado de los Derechos Humanos&#8230; Se aplica la ley, y el resultado deber\u00eda ser la solicitud de \u00f3rdenes judiciales o las causas que se presenten ante el tribunal. De lo contrario, cada minuto estar\u00eda emitiendo una declaraci\u00f3n preventiva que, en lugar de mostrar la fuerza del derecho internacional, lo que hace es mostrar su impotencia&#8221;. El video de las declaraciones de Khan fue publicado en el canal de YouTube del BIICL el d\u00eda 29 de junio de 2023. <\/em><\/p>\n","protected":false},"excerpt":{"rendered":"<p>[videopack id=&#8221;5595&#8243;]<\/p>\n<p><em>En una conferencia que dio en el evento conmemorativo de Harry Weinrebe del Instituto Brit\u00e1nico de Derecho Internacional y Comparado (BIICL) en junio de 2023, el fiscal jefe de la CPI, Karim Khan, describi\u00f3 una reuni\u00f3n que sostuvo con ONG palestinas &#8220;molestas&#8221; que le pidieron emitiera &#8220;declaraciones preventivas&#8221; contra Israel. <\/em><\/p>\n<p><em>En este sentido, el fiscal Khan dijo: &#8220;Estaban muy molestos porque no estoy dando declaraciones preventivas. Les respond\u00ed que no soy un relator especial, no soy el Alto Comisionado de los Derechos Humanos&#8230; Se aplica la ley, y el resultado deber\u00eda ser la solicitud de \u00f3rdenes judiciales o las causas que se presenten ante el tribunal. De lo contrario, cada minuto estar\u00eda emitiendo una declaraci\u00f3n preventiva que, en lugar de mostrar la fuerza del derecho internacional, lo que hace es mostrar su impotencia&#8221;. El video de las declaraciones de Khan fue publicado en el canal de YouTube del BIICL el d\u00eda 29 de junio de 2023. <\/em><\/p>\n","protected":false},"author":3,"featured_media":5594,"comment_status":"open","ping_status":"open","sticky":false,"template":"","format":"video","meta":{"footnotes":""},"categories":[630],"tags":[],"class_list":["post-5592","post","type-post","status-publish","format-video","has-post-thumbnail","hentry","category-cpi","post_format-post-format-video"],"_links":{"self":[{"href":"https:\/\/www2.memri.org\/espanol\/tv\/wp-json\/wp\/v2\/posts\/5592","targetHints":{"allow":["GET"]}}],"collection":[{"href":"https:\/\/www2.memri.org\/espanol\/tv\/wp-json\/wp\/v2\/posts"}],"about":[{"href":"https:\/\/www2.memri.org\/espanol\/tv\/wp-json\/wp\/v2\/types\/post"}],"author":[{"embeddable":true,"href":"https:\/\/www2.memri.org\/espanol\/tv\/wp-json\/wp\/v2\/users\/3"}],"replies":[{"embeddable":true,"href":"https:\/\/www2.memri.org\/espanol\/tv\/wp-json\/wp\/v2\/comments?post=5592"}],"version-history":[{"count":0,"href":"https:\/\/www2.memri.org\/espanol\/tv\/wp-json\/wp\/v2\/posts\/5592\/revisions"}],"wp:featuredmedia":[{"embeddable":true,"href":"https:\/\/www2.memri.org\/espanol\/tv\/wp-json\/wp\/v2\/media\/5594"}],"wp:attachment":[{"href":"https:\/\/www2.memri.org\/espanol\/tv\/wp-json\/wp\/v2\/media?parent=5592"}],"wp:term":[{"taxonomy":"category","embeddable":true,"href":"https:\/\/www2.memri.org\/espanol\/tv\/wp-json\/wp\/v2\/categories?post=5592"},{"taxonomy":"post_tag","embeddable":true,"href":"https:\/\/www2.memri.org\/espanol\/tv\/wp-json\/wp\/v2\/tags?post=5592"}],"curies":[{"name":"wp","href":"https:\/\/api.w.org\/{rel}","templated":true}]}}