{"id":5584,"date":"2024-09-12T05:13:51","date_gmt":"2024-09-12T02:13:51","guid":{"rendered":"https:\/\/www2.memri.org\/espanol\/tv\/?p=5584"},"modified":"2024-09-07T19:34:14","modified_gmt":"2024-09-07T16:34:14","slug":"activista-canadiense-firas-al-najim-los-perversos-judios-son-traidores-saben-como-sobornar-y-robar-respondemos-a-tu-llamado-oh-khamenei-activista-estadounidense-mohsin-naqvi-lo","status":"publish","type":"post","link":"https:\/\/www2.memri.org\/espanol\/tv\/2024\/09\/12\/activista-canadiense-firas-al-najim-los-perversos-judios-son-traidores-saben-como-sobornar-y-robar-respondemos-a-tu-llamado-oh-khamenei-activista-estadounidense-mohsin-naqvi-lo\/","title":{"rendered":"Activista canadiense Firas Al-Najim: \u201cLos perversos jud\u00edos son traidores, saben c\u00f3mo sobornar y robar; Respondemos a tu llamado, Oh Khamenei; Activista estadounidense Mohsin Naqvi: \u201cLos campamentos universitarios asustan al imperio estadounidense&#8221;"},"content":{"rendered":"<p>[videopack id=&#8221;5587&#8243;]https:\/\/www2.memri.org\/espanol\/tv\/wp-content\/uploads\/2024\/09\/11371-ESP.mp4[\/videopack]<\/p>\n<p><em>El 20 de agosto de 2024, la Organizaci\u00f3n de estudiantes Imamia de Pakist\u00e1n celebr\u00f3 un seminario web internacional de l\u00edderes juveniles por Palestina.<\/em><\/p>\n<p><em>\u00a0En este contexto, el que el activista canadiense de derechos humanos Firas Al-Najim de CD4HR dijo que los &#8220;perversos jud\u00edos&#8221; asesinaron a miles de profetas, son traidores y saben c\u00f3mo robar, sobornar y chantajear. <\/em><\/p>\n<p><em>A continuaci\u00f3n, mencion\u00f3 un video de un portavoz de Ham\u00e1s que dijo que los t\u00faneles en Gaza son producto de la planificaci\u00f3n e ingenier\u00eda del m\u00e1ximo comandante militar de Hezbollah, Imad Mughniyeh, y del comandante de la Fuerza Qods de la Guardia Revolucionaria, Qassem Soleimani (v\u00e9ase el clip de MEMRITV No. 8902).<\/em><\/p>\n<p><em>El activista de derechos humanos Mohsin Naqvi, que vive en Houston, dijo que nunca quisiera representar a Estados Unidos, pero &#8220;lamentablemente&#8221;, vive all\u00ed. Habl\u00f3 de los campamentos en los campus universitarios, y dijo que estos asustan al &#8220;imperio estadounidense&#8221;. Cabe se\u00f1alar que otro participante en el seminario web fue Ali Al-Hajj Hassan, jefe de la Secci\u00f3n de J\u00f3venes del Departamento de Movilizaci\u00f3n Cultural de Hezbollah, quien habl\u00f3 extensamente en una entrevista reciente sobre sus esfuerzos por movilizar el activismo pro-palestino entre los estudiantes en los campus universitarios de Occidente. El activista canadiense Firas Al-Najim es un invitado habitual del canal de televisi\u00f3n estatal iran\u00ed en idioma ingl\u00e9s Press TV.<\/em><\/p>\n<p><em>El activista estadounidense Mohsin Naqvi tambi\u00e9n es un invitado habitual del canal irani Press TV, y en 2019 fue criticado por publicar un volante que anunciaba un evento conmemorativo sobre el 40 aniversario de la Revoluci\u00f3n Isl\u00e1mica en Ir\u00e1n en el Centro de Educaci\u00f3n Isl\u00e1mica de Houston, en el que un coro de ni\u00f1os cantaba que eran soldados del l\u00edder supremo Khamenei. <\/em><\/p>\n<p><em>El seminario web fue transmitido en vivo en el canal oficial de YouTube de la Organizaci\u00f3n de Estudiantes Imamia de Pakist\u00e1n (ISO Pakistan Official). <\/em><\/p>\n","protected":false},"excerpt":{"rendered":"<p>[videopack id=&#8221;5587&#8243;]<\/p>\n<p><em>El 20 de agosto de 2024, la Organizaci\u00f3n de estudiantes Imamia de Pakist\u00e1n celebr\u00f3 un seminario web internacional de l\u00edderes juveniles por Palestina.<\/em><\/p>\n<p><em>\u00a0En este contexto, el que el activista canadiense de derechos humanos Firas Al-Najim de CD4HR dijo que los &#8220;perversos jud\u00edos&#8221; asesinaron a miles de profetas, son traidores y saben c\u00f3mo robar, sobornar y chantajear. <\/em><\/p>\n<p><em>A continuaci\u00f3n, mencion\u00f3 un video de un portavoz de Ham\u00e1s que dijo que los t\u00faneles en Gaza son producto de la planificaci\u00f3n e ingenier\u00eda del m\u00e1ximo comandante militar de Hezbollah, Imad Mughniyeh, y del comandante de la Fuerza Qods de la Guardia Revolucionaria, Qassem Soleimani (v\u00e9ase el clip de MEMRITV No. 8902).<\/em><\/p>\n<p><em>El activista de derechos humanos Mohsin Naqvi, que vive en Houston, dijo que nunca quisiera representar a Estados Unidos, pero &#8220;lamentablemente&#8221;, vive all\u00ed. Habl\u00f3 de los campamentos en los campus universitarios, y dijo que estos asustan al &#8220;imperio estadounidense&#8221;. Cabe se\u00f1alar que otro participante en el seminario web fue Ali Al-Hajj Hassan, jefe de la Secci\u00f3n de J\u00f3venes del Departamento de Movilizaci\u00f3n Cultural de Hezbollah, quien habl\u00f3 extensamente en una entrevista reciente sobre sus esfuerzos por movilizar el activismo pro-palestino entre los estudiantes en los campus universitarios de Occidente. El activista canadiense Firas Al-Najim es un invitado habitual del canal de televisi\u00f3n estatal iran\u00ed en idioma ingl\u00e9s Press TV.<\/em><\/p>\n<p><em>El activista estadounidense Mohsin Naqvi tambi\u00e9n es un invitado habitual del canal irani Press TV, y en 2019 fue criticado por publicar un volante que anunciaba un evento conmemorativo sobre el 40 aniversario de la Revoluci\u00f3n Isl\u00e1mica en Ir\u00e1n en el Centro de Educaci\u00f3n Isl\u00e1mica de Houston, en el que un coro de ni\u00f1os cantaba que eran soldados del l\u00edder supremo Khamenei. <\/em><\/p>\n<p><em>El seminario web fue transmitido en vivo en el canal oficial de YouTube de la Organizaci\u00f3n de Estudiantes Imamia de Pakist\u00e1n (ISO Pakistan Official). <\/em><\/p>\n","protected":false},"author":3,"featured_media":5585,"comment_status":"open","ping_status":"open","sticky":false,"template":"","format":"video","meta":{"footnotes":""},"categories":[620],"tags":[],"class_list":["post-5584","post","type-post","status-publish","format-video","has-post-thumbnail","hentry","category-canada","post_format-post-format-video"],"_links":{"self":[{"href":"https:\/\/www2.memri.org\/espanol\/tv\/wp-json\/wp\/v2\/posts\/5584","targetHints":{"allow":["GET"]}}],"collection":[{"href":"https:\/\/www2.memri.org\/espanol\/tv\/wp-json\/wp\/v2\/posts"}],"about":[{"href":"https:\/\/www2.memri.org\/espanol\/tv\/wp-json\/wp\/v2\/types\/post"}],"author":[{"embeddable":true,"href":"https:\/\/www2.memri.org\/espanol\/tv\/wp-json\/wp\/v2\/users\/3"}],"replies":[{"embeddable":true,"href":"https:\/\/www2.memri.org\/espanol\/tv\/wp-json\/wp\/v2\/comments?post=5584"}],"version-history":[{"count":0,"href":"https:\/\/www2.memri.org\/espanol\/tv\/wp-json\/wp\/v2\/posts\/5584\/revisions"}],"wp:featuredmedia":[{"embeddable":true,"href":"https:\/\/www2.memri.org\/espanol\/tv\/wp-json\/wp\/v2\/media\/5585"}],"wp:attachment":[{"href":"https:\/\/www2.memri.org\/espanol\/tv\/wp-json\/wp\/v2\/media?parent=5584"}],"wp:term":[{"taxonomy":"category","embeddable":true,"href":"https:\/\/www2.memri.org\/espanol\/tv\/wp-json\/wp\/v2\/categories?post=5584"},{"taxonomy":"post_tag","embeddable":true,"href":"https:\/\/www2.memri.org\/espanol\/tv\/wp-json\/wp\/v2\/tags?post=5584"}],"curies":[{"name":"wp","href":"https:\/\/api.w.org\/{rel}","templated":true}]}}