{"id":5575,"date":"2024-09-11T05:03:41","date_gmt":"2024-09-11T02:03:41","guid":{"rendered":"https:\/\/www2.memri.org\/espanol\/tv\/?p=5575"},"modified":"2024-09-07T19:31:01","modified_gmt":"2024-09-07T16:31:01","slug":"investigador-palestino-hesham-dibsi-hamas-no-representa-a-los-palestinos-luchamos-por-un-estado-laico-no-islamico-los-palestinos-somos-responsables-de-los-errores-que-llevaron-al-mundo-ar","status":"publish","type":"post","link":"https:\/\/www2.memri.org\/espanol\/tv\/2024\/09\/11\/investigador-palestino-hesham-dibsi-hamas-no-representa-a-los-palestinos-luchamos-por-un-estado-laico-no-islamico-los-palestinos-somos-responsables-de-los-errores-que-llevaron-al-mundo-ar\/","title":{"rendered":"Investigador palestino Hesham Dibsi: \u201cHam\u00e1s no representa a los palestinos; luchamos por un Estado laico, no isl\u00e1mico; los palestinos somos responsables de los errores que llevaron al mundo \u00e1rabe a reducir la ayuda\u201d"},"content":{"rendered":"<p>[videopack id=&#8221;5579&#8243;]https:\/\/www2.memri.org\/espanol\/tv\/wp-content\/uploads\/2024\/09\/11369-ESP.mp4[\/videopack]<\/p>\n<p><em>El investigador palestino Hesham Dibsi, quien vive en el L\u00edbano, critic\u00f3 a Ham\u00e1s en un video publicado el 30 de agosto de 2024 en Voice of Lebanon en YouTube. <\/em><\/p>\n<p><em>Dibsi dijo que Ham\u00e1s no representa al pueblo palestino, sino que es un proyecto sunita-isl\u00e1mico, similar a la empresa chiita-isl\u00e1mica iran\u00ed. Tambi\u00e9n se\u00f1al\u00f3 que los palestinos se esfuerzan por construir un estado civil y laico. <\/em><\/p>\n<p><em>Hesham Dibsi critic\u00f3 al l\u00edder de Ham\u00e1s en el extranjero, Khaled Mashal, por pedir a los palestinos que regresen a las operaciones suicidas e incrementen la escalada contra Israel, debido a que Mashal est\u00e1 en Qatar, mientras los palestinos mueren de hambre y de polio. <\/em><\/p>\n","protected":false},"excerpt":{"rendered":"<p>[videopack id=&#8221;5579&#8243;]<\/p>\n<p><em>El investigador palestino Hesham Dibsi, quien vive en el L\u00edbano, critic\u00f3 a Ham\u00e1s en un video publicado el 30 de agosto de 2024 en Voice of Lebanon en YouTube. <\/em><\/p>\n<p><em>Dibsi dijo que Ham\u00e1s no representa al pueblo palestino, sino que es un proyecto sunita-isl\u00e1mico, similar a la empresa chiita-isl\u00e1mica iran\u00ed. Tambi\u00e9n se\u00f1al\u00f3 que los palestinos se esfuerzan por construir un estado civil y laico. <\/em><\/p>\n<p><em>Hesham Dibsi critic\u00f3 al l\u00edder de Ham\u00e1s en el extranjero, Khaled Mashal, por pedir a los palestinos que regresen a las operaciones suicidas e incrementen la escalada contra Israel, debido a que Mashal est\u00e1 en Qatar, mientras los palestinos mueren de hambre y de polio. <\/em><\/p>\n","protected":false},"author":3,"featured_media":5577,"comment_status":"open","ping_status":"open","sticky":false,"template":"","format":"video","meta":{"footnotes":""},"categories":[2,18],"tags":[],"class_list":["post-5575","post","type-post","status-publish","format-video","has-post-thumbnail","hentry","category-featured","category-libano","post_format-post-format-video"],"_links":{"self":[{"href":"https:\/\/www2.memri.org\/espanol\/tv\/wp-json\/wp\/v2\/posts\/5575","targetHints":{"allow":["GET"]}}],"collection":[{"href":"https:\/\/www2.memri.org\/espanol\/tv\/wp-json\/wp\/v2\/posts"}],"about":[{"href":"https:\/\/www2.memri.org\/espanol\/tv\/wp-json\/wp\/v2\/types\/post"}],"author":[{"embeddable":true,"href":"https:\/\/www2.memri.org\/espanol\/tv\/wp-json\/wp\/v2\/users\/3"}],"replies":[{"embeddable":true,"href":"https:\/\/www2.memri.org\/espanol\/tv\/wp-json\/wp\/v2\/comments?post=5575"}],"version-history":[{"count":0,"href":"https:\/\/www2.memri.org\/espanol\/tv\/wp-json\/wp\/v2\/posts\/5575\/revisions"}],"wp:featuredmedia":[{"embeddable":true,"href":"https:\/\/www2.memri.org\/espanol\/tv\/wp-json\/wp\/v2\/media\/5577"}],"wp:attachment":[{"href":"https:\/\/www2.memri.org\/espanol\/tv\/wp-json\/wp\/v2\/media?parent=5575"}],"wp:term":[{"taxonomy":"category","embeddable":true,"href":"https:\/\/www2.memri.org\/espanol\/tv\/wp-json\/wp\/v2\/categories?post=5575"},{"taxonomy":"post_tag","embeddable":true,"href":"https:\/\/www2.memri.org\/espanol\/tv\/wp-json\/wp\/v2\/tags?post=5575"}],"curies":[{"name":"wp","href":"https:\/\/api.w.org\/{rel}","templated":true}]}}