{"id":5571,"date":"2024-09-10T05:19:39","date_gmt":"2024-09-10T02:19:39","guid":{"rendered":"https:\/\/www2.memri.org\/espanol\/tv\/?p=5571"},"modified":"2024-09-07T19:30:05","modified_gmt":"2024-09-07T16:30:05","slug":"miembro-polaco-del-parlamento-europeo-grzegorz-braun-los-judios-desprecian-a-los-polacos-y-a-todos-los-no-judios-esto-es-parte-de-su-culto-tribal-salvaje-que-involucra-al-talmud-y-el-holocausto","status":"publish","type":"post","link":"https:\/\/www2.memri.org\/espanol\/tv\/2024\/09\/10\/miembro-polaco-del-parlamento-europeo-grzegorz-braun-los-judios-desprecian-a-los-polacos-y-a-todos-los-no-judios-esto-es-parte-de-su-culto-tribal-salvaje-que-involucra-al-talmud-y-el-holocausto\/","title":{"rendered":"Miembro polaco del Parlamento Europeo Grzegorz Braun: Los jud\u00edos desprecian a los polacos y a todos los no jud\u00edos; esto es parte de su &#8220;culto tribal salvaje&#8221; que involucra al Talmud y el Holocausto"},"content":{"rendered":"<p>[videopack id=&#8221;5574&#8243;]https:\/\/www2.memri.org\/espanol\/tv\/wp-content\/uploads\/2024\/09\/11367-ESP.mp4[\/videopack]<\/p>\n<p><em>El pol\u00edtico polaco Grzegorz Braun, miembro del Parlamento Europeo, public\u00f3 un video en su p\u00e1gina de Facebook el 17 de julio de 2024. En este contexto, sostuvo que hay personas en el gobierno polaco que tienen pasaportes extranjeros y &#8220;corazones extranjeros&#8221; y que est\u00e1n intentando &#8220;descaradamente&#8221; &#8220;dominar la esfera p\u00fablica&#8221; y despojar a los polacos de su honor para enriquecer a Ucrania y &#8220;hacer que los jud\u00edos se sientan bien&#8221;. <\/em><\/p>\n<p><em>Tambi\u00e9n dijo que los jud\u00edos desprecian a los polacos al igual que desprecian a todos los no jud\u00edos, y afirm\u00f3 que esto es parte del &#8220;culto tribal salvaje&#8221; de los jud\u00edos, en su versi\u00f3n talm\u00fadica para los jud\u00edos religiosos y su versi\u00f3n del Holocausto para los jud\u00edos seculares. <\/em><\/p>\n","protected":false},"excerpt":{"rendered":"<p>[videopack id=&#8221;5574&#8243;]<\/p>\n<p><em>El pol\u00edtico polaco Grzegorz Braun, miembro del Parlamento Europeo, public\u00f3 un video en su p\u00e1gina de Facebook el 17 de julio de 2024. En este contexto, sostuvo que hay personas en el gobierno polaco que tienen pasaportes extranjeros y &#8220;corazones extranjeros&#8221; y que est\u00e1n intentando &#8220;descaradamente&#8221; &#8220;dominar la esfera p\u00fablica&#8221; y despojar a los polacos de su honor para enriquecer a Ucrania y &#8220;hacer que los jud\u00edos se sientan bien&#8221;. <\/em><\/p>\n<p><em>Tambi\u00e9n dijo que los jud\u00edos desprecian a los polacos al igual que desprecian a todos los no jud\u00edos, y afirm\u00f3 que esto es parte del &#8220;culto tribal salvaje&#8221; de los jud\u00edos, en su versi\u00f3n talm\u00fadica para los jud\u00edos religiosos y su versi\u00f3n del Holocausto para los jud\u00edos seculares. <\/em><\/p>\n","protected":false},"author":3,"featured_media":5573,"comment_status":"open","ping_status":"open","sticky":false,"template":"","format":"video","meta":{"footnotes":""},"categories":[2,629],"tags":[],"class_list":["post-5571","post","type-post","status-publish","format-video","has-post-thumbnail","hentry","category-featured","category-parlamento-europeo","post_format-post-format-video"],"_links":{"self":[{"href":"https:\/\/www2.memri.org\/espanol\/tv\/wp-json\/wp\/v2\/posts\/5571","targetHints":{"allow":["GET"]}}],"collection":[{"href":"https:\/\/www2.memri.org\/espanol\/tv\/wp-json\/wp\/v2\/posts"}],"about":[{"href":"https:\/\/www2.memri.org\/espanol\/tv\/wp-json\/wp\/v2\/types\/post"}],"author":[{"embeddable":true,"href":"https:\/\/www2.memri.org\/espanol\/tv\/wp-json\/wp\/v2\/users\/3"}],"replies":[{"embeddable":true,"href":"https:\/\/www2.memri.org\/espanol\/tv\/wp-json\/wp\/v2\/comments?post=5571"}],"version-history":[{"count":0,"href":"https:\/\/www2.memri.org\/espanol\/tv\/wp-json\/wp\/v2\/posts\/5571\/revisions"}],"wp:featuredmedia":[{"embeddable":true,"href":"https:\/\/www2.memri.org\/espanol\/tv\/wp-json\/wp\/v2\/media\/5573"}],"wp:attachment":[{"href":"https:\/\/www2.memri.org\/espanol\/tv\/wp-json\/wp\/v2\/media?parent=5571"}],"wp:term":[{"taxonomy":"category","embeddable":true,"href":"https:\/\/www2.memri.org\/espanol\/tv\/wp-json\/wp\/v2\/categories?post=5571"},{"taxonomy":"post_tag","embeddable":true,"href":"https:\/\/www2.memri.org\/espanol\/tv\/wp-json\/wp\/v2\/tags?post=5571"}],"curies":[{"name":"wp","href":"https:\/\/api.w.org\/{rel}","templated":true}]}}