{"id":5567,"date":"2024-09-10T05:08:30","date_gmt":"2024-09-10T02:08:30","guid":{"rendered":"https:\/\/www2.memri.org\/espanol\/tv\/?p=5567"},"modified":"2024-09-07T19:29:09","modified_gmt":"2024-09-07T16:29:09","slug":"activista-y-ex-funcionario-del-fplp-radicado-en-canada-khaled-barakat-en-canal-de-television-de-hezbollah-revocar-el-estatus-de-organizacion-benefica-del-fondo-nacional-judio-es-una-victoria-importa","status":"publish","type":"post","link":"https:\/\/www2.memri.org\/espanol\/tv\/2024\/09\/10\/activista-y-ex-funcionario-del-fplp-radicado-en-canada-khaled-barakat-en-canal-de-television-de-hezbollah-revocar-el-estatus-de-organizacion-benefica-del-fondo-nacional-judio-es-una-victoria-importa\/","title":{"rendered":"Activista y ex-funcionario del FPLP radicado en Canad\u00e1 Khaled Barakat, en canal de televisi\u00f3n de Hezbollah: revocar el estatus de organizaci\u00f3n ben\u00e9fica del Fondo Nacional Jud\u00edo es una victoria importante para la resistencia tras el 7 de octubre, pero no es suficiente &#8211; el JNF debe ser criminalizado"},"content":{"rendered":"<p>[videopack id=&#8221;5570&#8243;]https:\/\/www2.memri.org\/espanol\/tv\/wp-content\/uploads\/2024\/09\/11366-ESP.mp4[\/videopack]<\/p>\n<p><em>El activista y ex funcionario del FPLP radicado en Canad\u00e1, Khaled Barakat, particip\u00f3 en una transmisi\u00f3n realizada el 19 de agosto de 2024 en el canal de televisi\u00f3n liban\u00e9s Al-Manar (Hezbollah).<\/em><\/p>\n<p><em>En la ocasi\u00f3n, Barakat sostuvo que la revocaci\u00f3n del estatus de organizaci\u00f3n ben\u00e9fica al Fondo Nacional Jud\u00edo (JNF) es una &#8220;victoria importante&#8221;, pero &#8220;no es suficiente&#8221;, debe ser criminalizado. <\/em><\/p>\n<p><em>Tambi\u00e9n declar\u00f3 que, si no fuera por la &#8220;presi\u00f3n y la resistencia popular, y todo lo que ocurri\u00f3 tras la operaci\u00f3n Diluvio de Al-Aqsa, Canad\u00e1 no hubiese revocado el estatus de organizaci\u00f3n ben\u00e9fica del JNF&#8221;. <\/em><\/p>\n<p><em>El v\u00eddeo fue publicado en el canal de Masar Badil en la plataforma de intercambio de v\u00eddeos Odysee.com. Khaled Barakat es miembro del comit\u00e9 ejecutivo del Movimiento Palestino de la V\u00eda Revolucionaria Alternativa Masar Badil. Est\u00e1 casado con Charlotte Kates, coordinadora internacional de Samidoun, a quien Ir\u00e1n le concedi\u00f3 recientemente un premio de derechos humanos durante a Teher\u00e1n, tras su detenci\u00f3n en Vancouver por delitos de odio. Para m\u00e1s informaci\u00f3n sobre Samidoun, al que Barakat estuvo afiliado en el pasado, v\u00e9ase la serie de MEMRI Informe Diario No. 643. <\/em><\/p>\n","protected":false},"excerpt":{"rendered":"<p>[videopack id=&#8221;5570&#8243;]<\/p>\n<p><em>El activista y ex funcionario del FPLP radicado en Canad\u00e1, Khaled Barakat, particip\u00f3 en una transmisi\u00f3n realizada el 19 de agosto de 2024 en el canal de televisi\u00f3n liban\u00e9s Al-Manar (Hezbollah).<\/em><\/p>\n<p><em>En la ocasi\u00f3n, Barakat sostuvo que la revocaci\u00f3n del estatus de organizaci\u00f3n ben\u00e9fica al Fondo Nacional Jud\u00edo (JNF) es una &#8220;victoria importante&#8221;, pero &#8220;no es suficiente&#8221;, debe ser criminalizado. <\/em><\/p>\n<p><em>Tambi\u00e9n declar\u00f3 que, si no fuera por la &#8220;presi\u00f3n y la resistencia popular, y todo lo que ocurri\u00f3 tras la operaci\u00f3n Diluvio de Al-Aqsa, Canad\u00e1 no hubiese revocado el estatus de organizaci\u00f3n ben\u00e9fica del JNF&#8221;. <\/em><\/p>\n<p><em>El v\u00eddeo fue publicado en el canal de Masar Badil en la plataforma de intercambio de v\u00eddeos Odysee.com. Khaled Barakat es miembro del comit\u00e9 ejecutivo del Movimiento Palestino de la V\u00eda Revolucionaria Alternativa Masar Badil. Est\u00e1 casado con Charlotte Kates, coordinadora internacional de Samidoun, a quien Ir\u00e1n le concedi\u00f3 recientemente un premio de derechos humanos durante a Teher\u00e1n, tras su detenci\u00f3n en Vancouver por delitos de odio. Para m\u00e1s informaci\u00f3n sobre Samidoun, al que Barakat estuvo afiliado en el pasado, v\u00e9ase la serie de MEMRI Informe Diario No. 643. <\/em><\/p>\n","protected":false},"author":3,"featured_media":5569,"comment_status":"open","ping_status":"open","sticky":false,"template":"","format":"video","meta":{"footnotes":""},"categories":[2,626],"tags":[],"class_list":["post-5567","post","type-post","status-publish","format-video","has-post-thumbnail","hentry","category-featured","category-fplp","post_format-post-format-video"],"_links":{"self":[{"href":"https:\/\/www2.memri.org\/espanol\/tv\/wp-json\/wp\/v2\/posts\/5567","targetHints":{"allow":["GET"]}}],"collection":[{"href":"https:\/\/www2.memri.org\/espanol\/tv\/wp-json\/wp\/v2\/posts"}],"about":[{"href":"https:\/\/www2.memri.org\/espanol\/tv\/wp-json\/wp\/v2\/types\/post"}],"author":[{"embeddable":true,"href":"https:\/\/www2.memri.org\/espanol\/tv\/wp-json\/wp\/v2\/users\/3"}],"replies":[{"embeddable":true,"href":"https:\/\/www2.memri.org\/espanol\/tv\/wp-json\/wp\/v2\/comments?post=5567"}],"version-history":[{"count":0,"href":"https:\/\/www2.memri.org\/espanol\/tv\/wp-json\/wp\/v2\/posts\/5567\/revisions"}],"wp:featuredmedia":[{"embeddable":true,"href":"https:\/\/www2.memri.org\/espanol\/tv\/wp-json\/wp\/v2\/media\/5569"}],"wp:attachment":[{"href":"https:\/\/www2.memri.org\/espanol\/tv\/wp-json\/wp\/v2\/media?parent=5567"}],"wp:term":[{"taxonomy":"category","embeddable":true,"href":"https:\/\/www2.memri.org\/espanol\/tv\/wp-json\/wp\/v2\/categories?post=5567"},{"taxonomy":"post_tag","embeddable":true,"href":"https:\/\/www2.memri.org\/espanol\/tv\/wp-json\/wp\/v2\/tags?post=5567"}],"curies":[{"name":"wp","href":"https:\/\/api.w.org\/{rel}","templated":true}]}}