{"id":5542,"date":"2024-09-08T05:19:14","date_gmt":"2024-09-08T02:19:14","guid":{"rendered":"https:\/\/www2.memri.org\/espanol\/tv\/?p=5542"},"modified":"2024-09-07T17:31:56","modified_gmt":"2024-09-07T14:31:56","slug":"mufti-chiita-libanes-ahmad-qablan-le-advierto-a-las-fuerzas-de-paz-en-el-libano-que-patrullar-la-linea-del-frente-sin-escolta-del-ejercito-libanes-constituye-espionaje","status":"publish","type":"post","link":"https:\/\/www2.memri.org\/espanol\/tv\/2024\/09\/08\/mufti-chiita-libanes-ahmad-qablan-le-advierto-a-las-fuerzas-de-paz-en-el-libano-que-patrullar-la-linea-del-frente-sin-escolta-del-ejercito-libanes-constituye-espionaje\/","title":{"rendered":"Muft\u00ed chiita liban\u00e9s Ahmad Qablan: \u201cLe advierto a las Fuerzas de paz en el L\u00edbano que patrullar la l\u00ednea del frente sin escolta del ej\u00e9rcito liban\u00e9s constituye espionaje\u201d"},"content":{"rendered":"<p>[videopack id=&#8221;5545&#8243;]https:\/\/www2.memri.org\/espanol\/tv\/wp-content\/uploads\/2024\/09\/11364-ESP.mp4[\/videopack]<\/p>\n<p><em>El muft\u00ed chiita liban\u00e9s Ahmad Qablan se dirigi\u00f3 a la FPNUL (La Fuerza Provisional de Naciones Unidas en el L\u00edbano), y advirti\u00f3 que el L\u00edbano no aceptar\u00e1 &#8220;ninguna fuerza de espionaje&#8221;, independientemente de sus credenciales ante la ONU. Tambi\u00e9n dijo que patrullar las l\u00edneas del frente sin escolta del ej\u00e9rcito liban\u00e9s es de hecho &#8220;espionaje&#8221;. <\/em><\/p>\n<p><em>El mensaje fue transmitido por Ahmad Qablan en el serm\u00f3n del viernes 30 de agosto de 2024 y publicado en la cuenta de X del canal de televisi\u00f3n liban\u00e9s Mayadeen. <\/em><\/p>\n","protected":false},"excerpt":{"rendered":"<p>[videopack id=&#8221;5545&#8243;]<\/p>\n<p><em>El muft\u00ed chiita liban\u00e9s Ahmad Qablan se dirigi\u00f3 a la FPNUL (La Fuerza Provisional de Naciones Unidas en el L\u00edbano), y advirti\u00f3 que el L\u00edbano no aceptar\u00e1 &#8220;ninguna fuerza de espionaje&#8221;, independientemente de sus credenciales ante la ONU. Tambi\u00e9n dijo que patrullar las l\u00edneas del frente sin escolta del ej\u00e9rcito liban\u00e9s es de hecho &#8220;espionaje&#8221;. <\/em><\/p>\n<p><em>El mensaje fue transmitido por Ahmad Qablan en el serm\u00f3n del viernes 30 de agosto de 2024 y publicado en la cuenta de X del canal de televisi\u00f3n liban\u00e9s Mayadeen. <\/em><\/p>\n","protected":false},"author":3,"featured_media":5544,"comment_status":"open","ping_status":"open","sticky":false,"template":"","format":"video","meta":{"footnotes":""},"categories":[2,18],"tags":[],"class_list":["post-5542","post","type-post","status-publish","format-video","has-post-thumbnail","hentry","category-featured","category-libano","post_format-post-format-video"],"_links":{"self":[{"href":"https:\/\/www2.memri.org\/espanol\/tv\/wp-json\/wp\/v2\/posts\/5542","targetHints":{"allow":["GET"]}}],"collection":[{"href":"https:\/\/www2.memri.org\/espanol\/tv\/wp-json\/wp\/v2\/posts"}],"about":[{"href":"https:\/\/www2.memri.org\/espanol\/tv\/wp-json\/wp\/v2\/types\/post"}],"author":[{"embeddable":true,"href":"https:\/\/www2.memri.org\/espanol\/tv\/wp-json\/wp\/v2\/users\/3"}],"replies":[{"embeddable":true,"href":"https:\/\/www2.memri.org\/espanol\/tv\/wp-json\/wp\/v2\/comments?post=5542"}],"version-history":[{"count":0,"href":"https:\/\/www2.memri.org\/espanol\/tv\/wp-json\/wp\/v2\/posts\/5542\/revisions"}],"wp:featuredmedia":[{"embeddable":true,"href":"https:\/\/www2.memri.org\/espanol\/tv\/wp-json\/wp\/v2\/media\/5544"}],"wp:attachment":[{"href":"https:\/\/www2.memri.org\/espanol\/tv\/wp-json\/wp\/v2\/media?parent=5542"}],"wp:term":[{"taxonomy":"category","embeddable":true,"href":"https:\/\/www2.memri.org\/espanol\/tv\/wp-json\/wp\/v2\/categories?post=5542"},{"taxonomy":"post_tag","embeddable":true,"href":"https:\/\/www2.memri.org\/espanol\/tv\/wp-json\/wp\/v2\/tags?post=5542"}],"curies":[{"name":"wp","href":"https:\/\/api.w.org\/{rel}","templated":true}]}}