{"id":5534,"date":"2024-09-05T16:01:10","date_gmt":"2024-09-05T13:01:10","guid":{"rendered":"https:\/\/www2.memri.org\/espanol\/tv\/?p=5534"},"modified":"2024-09-05T16:01:10","modified_gmt":"2024-09-05T13:01:10","slug":"television-irani-promueve-boicot-a-starbucks-barista-escribe-el-nombre-de-un-cliente-en-una-taza-de-cafe-usando-una-mano-cortada-presentador-de-television-agrega-starbucks-practicamente-pertenece","status":"publish","type":"post","link":"https:\/\/www2.memri.org\/espanol\/tv\/2024\/09\/05\/television-irani-promueve-boicot-a-starbucks-barista-escribe-el-nombre-de-un-cliente-en-una-taza-de-cafe-usando-una-mano-cortada-presentador-de-television-agrega-starbucks-practicamente-pertenece\/","title":{"rendered":"Televisi\u00f3n iran\u00ed promueve boicot a Starbucks: Barista escribe el nombre de un cliente en una taza de caf\u00e9 usando una mano cortada; presentador de televisi\u00f3n agrega: &#8216;Starbucks pr\u00e1cticamente pertenece a los jud\u00edos, es de conocimiento p\u00fablico&#8217;"},"content":{"rendered":"<p>[videopack id=&#8221;5537&#8243;]https:\/\/www2.memri.org\/espanol\/tv\/wp-content\/uploads\/2024\/09\/11360-ESP.mp4[\/videopack]<\/p>\n<p><em>Un programa de televisi\u00f3n iran\u00ed transmitido en el Canal 2 de la televisi\u00f3n iran\u00ed el 27 de agosto de 2024 promovi\u00f3 un boicot a Starbucks. El presentador dijo que la empresa pr\u00e1cticamente pertenece a los jud\u00edos, ya que el principal accionista es jud\u00edo, y esto es &#8220;de conocimiento p\u00fablico&#8221;. <\/em><\/p>\n<p><em>El programa continu\u00f3 con un video que circulaba en la red, en el que un barista de Starbucks escribe el nombre de su cliente en la taza de caf\u00e9 usando una mano cortada que obtuvo de una gaveta ensangrentada. Se desconoce la fuente del video, pero los actores hablan \u00e1rabe con acento egipcio. <\/em><\/p>\n","protected":false},"excerpt":{"rendered":"<p>[videopack id=&#8221;5537&#8243;]<\/p>\n<p><em>Un programa de televisi\u00f3n iran\u00ed transmitido en el Canal 2 de la televisi\u00f3n iran\u00ed el 27 de agosto de 2024 promovi\u00f3 un boicot a Starbucks. El presentador dijo que la empresa pr\u00e1cticamente pertenece a los jud\u00edos, ya que el principal accionista es jud\u00edo, y esto es &#8220;de conocimiento p\u00fablico&#8221;. <\/em><\/p>\n<p><em>El programa continu\u00f3 con un video que circulaba en la red, en el que un barista de Starbucks escribe el nombre de su cliente en la taza de caf\u00e9 usando una mano cortada que obtuvo de una gaveta ensangrentada. Se desconoce la fuente del video, pero los actores hablan \u00e1rabe con acento egipcio. <\/em><\/p>\n","protected":false},"author":3,"featured_media":5536,"comment_status":"open","ping_status":"open","sticky":false,"template":"","format":"video","meta":{"footnotes":""},"categories":[2,15],"tags":[],"class_list":["post-5534","post","type-post","status-publish","format-video","has-post-thumbnail","hentry","category-featured","category-iran","post_format-post-format-video"],"_links":{"self":[{"href":"https:\/\/www2.memri.org\/espanol\/tv\/wp-json\/wp\/v2\/posts\/5534","targetHints":{"allow":["GET"]}}],"collection":[{"href":"https:\/\/www2.memri.org\/espanol\/tv\/wp-json\/wp\/v2\/posts"}],"about":[{"href":"https:\/\/www2.memri.org\/espanol\/tv\/wp-json\/wp\/v2\/types\/post"}],"author":[{"embeddable":true,"href":"https:\/\/www2.memri.org\/espanol\/tv\/wp-json\/wp\/v2\/users\/3"}],"replies":[{"embeddable":true,"href":"https:\/\/www2.memri.org\/espanol\/tv\/wp-json\/wp\/v2\/comments?post=5534"}],"version-history":[{"count":0,"href":"https:\/\/www2.memri.org\/espanol\/tv\/wp-json\/wp\/v2\/posts\/5534\/revisions"}],"wp:featuredmedia":[{"embeddable":true,"href":"https:\/\/www2.memri.org\/espanol\/tv\/wp-json\/wp\/v2\/media\/5536"}],"wp:attachment":[{"href":"https:\/\/www2.memri.org\/espanol\/tv\/wp-json\/wp\/v2\/media?parent=5534"}],"wp:term":[{"taxonomy":"category","embeddable":true,"href":"https:\/\/www2.memri.org\/espanol\/tv\/wp-json\/wp\/v2\/categories?post=5534"},{"taxonomy":"post_tag","embeddable":true,"href":"https:\/\/www2.memri.org\/espanol\/tv\/wp-json\/wp\/v2\/tags?post=5534"}],"curies":[{"name":"wp","href":"https:\/\/api.w.org\/{rel}","templated":true}]}}