{"id":5504,"date":"2024-09-03T05:11:07","date_gmt":"2024-09-03T02:11:07","guid":{"rendered":"https:\/\/www2.memri.org\/espanol\/tv\/?p=5504"},"modified":"2024-09-02T16:52:35","modified_gmt":"2024-09-02T13:52:35","slug":"activista-y-cineasta-palestina-nominada-al-emmy-bisan-owda-en-referencia-al-discurso-de-netanyahu-ante-el-congreso-los-escanos-de-los-miembros-de-la-camara-estan-asegurados-por-los-sionist","status":"publish","type":"post","link":"https:\/\/www2.memri.org\/espanol\/tv\/2024\/09\/03\/activista-y-cineasta-palestina-nominada-al-emmy-bisan-owda-en-referencia-al-discurso-de-netanyahu-ante-el-congreso-los-escanos-de-los-miembros-de-la-camara-estan-asegurados-por-los-sionist\/","title":{"rendered":"Activista y cineasta palestina nominada al Emmy, Bisan Owda, en referencia al discurso de Netanyahu ante el Congreso: \u201cLos esca\u00f1os de los miembros de la C\u00e1mara est\u00e1n asegurados por los sionistas, pero esto terminar\u00e1 tarde o temprano, ser\u00e1n enviados al basurero de la historia\u201d"},"content":{"rendered":"<p>[videopack id=&#8221;5507&#8243;]https:\/\/www2.memri.org\/espanol\/tv\/wp-content\/uploads\/2024\/09\/11353-ESP.mp4[\/videopack]<\/p>\n<p><em>La activista y cineasta palestina radicada en Gaza, Bisan Owda, quien est\u00e1 nominada a un premio Emmy en la categor\u00eda de noticias y documentales, respondi\u00f3 al discurso del primer ministro israel\u00ed, Benjamin Netanyahu, ante la sesi\u00f3n conjunta del Congreso.<\/em><\/p>\n<p><em>Lo hizo en un video publicado el 24 de julio de 2024 en su cuenta de Instagram. En ese contexto, Owda dijo que los miembros de la C\u00e1mara est\u00e1n siendo financiados por los sionistas y que sus esca\u00f1os est\u00e1n asegurados por ellos. A continuaci\u00f3n, agreg\u00f3 que &#8220;esto terminar\u00e1 tarde o temprano&#8221; y ser\u00e1n enviados al &#8220;basurero de la historia&#8221;. Bisan Owda dijo que presentaban a &#8220;Hitler de anfitri\u00f3n&#8221; y concluy\u00f3 su video con la declaraci\u00f3n &#8220;Palestina libre desde el r\u00edo hasta el mar&#8221;.<\/em><\/p>\n<p><em>\u00a0Bisan Owda est\u00e1 nominada por su programa de Al-Jazeera (Qatar) &#8220;Soy Bisan de Gaza y todav\u00eda estoy viva&#8221;. <\/em><\/p>\n","protected":false},"excerpt":{"rendered":"<p>[videopack id=&#8221;5507&#8243;]<\/p>\n<p><em>La activista y cineasta palestina radicada en Gaza, Bisan Owda, quien est\u00e1 nominada a un premio Emmy en la categor\u00eda de noticias y documentales, respondi\u00f3 al discurso del primer ministro israel\u00ed, Benjamin Netanyahu, ante la sesi\u00f3n conjunta del Congreso.<\/em><\/p>\n<p><em>Lo hizo en un video publicado el 24 de julio de 2024 en su cuenta de Instagram. En ese contexto, Owda dijo que los miembros de la C\u00e1mara est\u00e1n siendo financiados por los sionistas y que sus esca\u00f1os est\u00e1n asegurados por ellos. A continuaci\u00f3n, agreg\u00f3 que &#8220;esto terminar\u00e1 tarde o temprano&#8221; y ser\u00e1n enviados al &#8220;basurero de la historia&#8221;. Bisan Owda dijo que presentaban a &#8220;Hitler de anfitri\u00f3n&#8221; y concluy\u00f3 su video con la declaraci\u00f3n &#8220;Palestina libre desde el r\u00edo hasta el mar&#8221;.<\/em><\/p>\n<p><em>\u00a0Bisan Owda est\u00e1 nominada por su programa de Al-Jazeera (Qatar) &#8220;Soy Bisan de Gaza y todav\u00eda estoy viva&#8221;. <\/em><\/p>\n","protected":false},"author":3,"featured_media":5506,"comment_status":"open","ping_status":"open","sticky":false,"template":"","format":"video","meta":{"footnotes":""},"categories":[2,611],"tags":[],"class_list":["post-5504","post","type-post","status-publish","format-video","has-post-thumbnail","hentry","category-featured","category-hamas-2","post_format-post-format-video"],"_links":{"self":[{"href":"https:\/\/www2.memri.org\/espanol\/tv\/wp-json\/wp\/v2\/posts\/5504","targetHints":{"allow":["GET"]}}],"collection":[{"href":"https:\/\/www2.memri.org\/espanol\/tv\/wp-json\/wp\/v2\/posts"}],"about":[{"href":"https:\/\/www2.memri.org\/espanol\/tv\/wp-json\/wp\/v2\/types\/post"}],"author":[{"embeddable":true,"href":"https:\/\/www2.memri.org\/espanol\/tv\/wp-json\/wp\/v2\/users\/3"}],"replies":[{"embeddable":true,"href":"https:\/\/www2.memri.org\/espanol\/tv\/wp-json\/wp\/v2\/comments?post=5504"}],"version-history":[{"count":0,"href":"https:\/\/www2.memri.org\/espanol\/tv\/wp-json\/wp\/v2\/posts\/5504\/revisions"}],"wp:featuredmedia":[{"embeddable":true,"href":"https:\/\/www2.memri.org\/espanol\/tv\/wp-json\/wp\/v2\/media\/5506"}],"wp:attachment":[{"href":"https:\/\/www2.memri.org\/espanol\/tv\/wp-json\/wp\/v2\/media?parent=5504"}],"wp:term":[{"taxonomy":"category","embeddable":true,"href":"https:\/\/www2.memri.org\/espanol\/tv\/wp-json\/wp\/v2\/categories?post=5504"},{"taxonomy":"post_tag","embeddable":true,"href":"https:\/\/www2.memri.org\/espanol\/tv\/wp-json\/wp\/v2\/tags?post=5504"}],"curies":[{"name":"wp","href":"https:\/\/api.w.org\/{rel}","templated":true}]}}