{"id":5500,"date":"2024-09-02T06:01:39","date_gmt":"2024-09-02T03:01:39","guid":{"rendered":"https:\/\/www2.memri.org\/espanol\/tv\/?p=5500"},"modified":"2024-09-01T13:55:09","modified_gmt":"2024-09-01T10:55:09","slug":"cineasta-palestina-nominada-al-emmy-bisan-owda-en-mitin-del-aniversario-del-fplp-en-gaza-en-2015-la-politica-del-fplp-es-que-todos-los-pueblos-de-la-intifada-en-gaza-cisjordania-y-jerusal","status":"publish","type":"post","link":"https:\/\/www2.memri.org\/espanol\/tv\/2024\/09\/02\/cineasta-palestina-nominada-al-emmy-bisan-owda-en-mitin-del-aniversario-del-fplp-en-gaza-en-2015-la-politica-del-fplp-es-que-todos-los-pueblos-de-la-intifada-en-gaza-cisjordania-y-jerusal\/","title":{"rendered":"Cineasta palestina nominada al Emmy, Bisan Owda, en mitin del aniversario del FPLP en Gaza en 2015: \u201cLa pol\u00edtica del FPLP es que todos los pueblos de la Intifada en Gaza, Cisjordania y Jerusal\u00e9n est\u00e9n unidos como uno solo\u201d"},"content":{"rendered":"<p>[videopack id=&#8221;5503&#8243;]https:\/\/www2.memri.org\/espanol\/tv\/wp-content\/uploads\/2024\/09\/11352-ESP.mp4[\/videopack]<\/p>\n<p><em>La cineasta y activista palestina Bisan Owda, quien ha sido nominada para un premio Emmy de noticias y documentales 2024, fue entrevistada en un mitin por el aniversario del Frente Popular para la Liberaci\u00f3n de Palestina (FPLP) en Gaza en un video publicado en Alwatanvoice.com el 12 de diciembre de 2015. <\/em><\/p>\n<p><em>Con lo que parecen ser uniformes militares y una bufanda roja del FPLP, Owda dijo que la pol\u00edtica del FPLP es que todos los &#8220;pueblos de la Intifada&#8221; en Gaza, Cisjordania y Jerusal\u00e9n est\u00e9n unidos como uno solo. El v\u00eddeo contin\u00faa mostrando a activistas del FPLP blandiendo espadas, cuchillos y otras armas afiladas. Bisan Owda est\u00e1 nominada por su programa de Al-Jazeera (Qatar) &#8220;Soy Bisan de Gaza y sigo con vida&#8221;. <\/em><\/p>\n","protected":false},"excerpt":{"rendered":"<p>[videopack id=&#8221;5503&#8243;]<\/p>\n<p><em>La cineasta y activista palestina Bisan Owda, quien ha sido nominada para un premio Emmy de noticias y documentales 2024, fue entrevistada en un mitin por el aniversario del Frente Popular para la Liberaci\u00f3n de Palestina (FPLP) en Gaza en un video publicado en Alwatanvoice.com el 12 de diciembre de 2015. <\/em><\/p>\n<p><em>Con lo que parecen ser uniformes militares y una bufanda roja del FPLP, Owda dijo que la pol\u00edtica del FPLP es que todos los &#8220;pueblos de la Intifada&#8221; en Gaza, Cisjordania y Jerusal\u00e9n est\u00e9n unidos como uno solo. El v\u00eddeo contin\u00faa mostrando a activistas del FPLP blandiendo espadas, cuchillos y otras armas afiladas. Bisan Owda est\u00e1 nominada por su programa de Al-Jazeera (Qatar) &#8220;Soy Bisan de Gaza y sigo con vida&#8221;. <\/em><\/p>\n","protected":false},"author":3,"featured_media":5502,"comment_status":"open","ping_status":"open","sticky":false,"template":"","format":"video","meta":{"footnotes":""},"categories":[2,626],"tags":[],"class_list":["post-5500","post","type-post","status-publish","format-video","has-post-thumbnail","hentry","category-featured","category-fplp","post_format-post-format-video"],"_links":{"self":[{"href":"https:\/\/www2.memri.org\/espanol\/tv\/wp-json\/wp\/v2\/posts\/5500","targetHints":{"allow":["GET"]}}],"collection":[{"href":"https:\/\/www2.memri.org\/espanol\/tv\/wp-json\/wp\/v2\/posts"}],"about":[{"href":"https:\/\/www2.memri.org\/espanol\/tv\/wp-json\/wp\/v2\/types\/post"}],"author":[{"embeddable":true,"href":"https:\/\/www2.memri.org\/espanol\/tv\/wp-json\/wp\/v2\/users\/3"}],"replies":[{"embeddable":true,"href":"https:\/\/www2.memri.org\/espanol\/tv\/wp-json\/wp\/v2\/comments?post=5500"}],"version-history":[{"count":0,"href":"https:\/\/www2.memri.org\/espanol\/tv\/wp-json\/wp\/v2\/posts\/5500\/revisions"}],"wp:featuredmedia":[{"embeddable":true,"href":"https:\/\/www2.memri.org\/espanol\/tv\/wp-json\/wp\/v2\/media\/5502"}],"wp:attachment":[{"href":"https:\/\/www2.memri.org\/espanol\/tv\/wp-json\/wp\/v2\/media?parent=5500"}],"wp:term":[{"taxonomy":"category","embeddable":true,"href":"https:\/\/www2.memri.org\/espanol\/tv\/wp-json\/wp\/v2\/categories?post=5500"},{"taxonomy":"post_tag","embeddable":true,"href":"https:\/\/www2.memri.org\/espanol\/tv\/wp-json\/wp\/v2\/tags?post=5500"}],"curies":[{"name":"wp","href":"https:\/\/api.w.org\/{rel}","templated":true}]}}