{"id":5332,"date":"2024-08-15T05:09:03","date_gmt":"2024-08-15T02:09:03","guid":{"rendered":"https:\/\/www2.memri.org\/espanol\/tv\/?p=5332"},"modified":"2024-08-10T19:10:29","modified_gmt":"2024-08-10T16:10:29","slug":"imagenes-de-cctv-en-iran-muestran-a-la-policia-moral-golpeando-brutalmente-a-una-nina-de-14-anos","status":"publish","type":"post","link":"https:\/\/www2.memri.org\/espanol\/tv\/2024\/08\/15\/imagenes-de-cctv-en-iran-muestran-a-la-policia-moral-golpeando-brutalmente-a-una-nina-de-14-anos\/","title":{"rendered":"Im\u00e1genes de CCTV en Ir\u00e1n muestran a la Polic\u00eda Moral golpeando brutalmente a una ni\u00f1a de 14 a\u00f1os"},"content":{"rendered":"<p>[videopack id=&#8221;5335&#8243;]https:\/\/www2.memri.org\/espanol\/tv\/wp-content\/uploads\/2024\/08\/11306-ESP.mp4[\/videopack]<\/p>\n<p><em>El 6 de agosto de 2024, la cuenta Iran Wire X public\u00f3 im\u00e1genes de CCTV (c\u00e1maras de seguridad\/circuito cerrado de televisi\u00f3n) que mostraban a una ni\u00f1a de 14 a\u00f1os en Ir\u00e1n en momentos en que fue violentamente agredida y golpeada por la Polic\u00eda Moral de Ir\u00e1n. <\/em><\/p>\n<p><em>Las im\u00e1genes fueron publicadas por primera vez por el sitio web iran\u00ed Ensaf News, y el incidente aparentemente sucedi\u00f3 el 21 de junio de 2024 en Teher\u00e1n. El sitio web tambi\u00e9n afirm\u00f3 que las im\u00e1genes fueron adquiridas luego de que un juez de la provincia de Teher\u00e1n ordenase que fueran entregadas a la familia de la joven y a su abogado. <\/em><\/p>\n","protected":false},"excerpt":{"rendered":"<p>[videopack id=&#8221;5335&#8243;]<\/p>\n<p><em>El 6 de agosto de 2024, la cuenta Iran Wire X public\u00f3 im\u00e1genes de CCTV (c\u00e1maras de seguridad\/circuito cerrado de televisi\u00f3n) que mostraban a una ni\u00f1a de 14 a\u00f1os en Ir\u00e1n en momentos en que fue violentamente agredida y golpeada por la Polic\u00eda Moral de Ir\u00e1n. <\/em><\/p>\n<p><em>Las im\u00e1genes fueron publicadas por primera vez por el sitio web iran\u00ed Ensaf News, y el incidente aparentemente sucedi\u00f3 el 21 de junio de 2024 en Teher\u00e1n. El sitio web tambi\u00e9n afirm\u00f3 que las im\u00e1genes fueron adquiridas luego de que un juez de la provincia de Teher\u00e1n ordenase que fueran entregadas a la familia de la joven y a su abogado. <\/em><\/p>\n","protected":false},"author":3,"featured_media":5334,"comment_status":"open","ping_status":"open","sticky":false,"template":"","format":"video","meta":{"footnotes":""},"categories":[2,15],"tags":[],"class_list":["post-5332","post","type-post","status-publish","format-video","has-post-thumbnail","hentry","category-featured","category-iran","post_format-post-format-video"],"_links":{"self":[{"href":"https:\/\/www2.memri.org\/espanol\/tv\/wp-json\/wp\/v2\/posts\/5332","targetHints":{"allow":["GET"]}}],"collection":[{"href":"https:\/\/www2.memri.org\/espanol\/tv\/wp-json\/wp\/v2\/posts"}],"about":[{"href":"https:\/\/www2.memri.org\/espanol\/tv\/wp-json\/wp\/v2\/types\/post"}],"author":[{"embeddable":true,"href":"https:\/\/www2.memri.org\/espanol\/tv\/wp-json\/wp\/v2\/users\/3"}],"replies":[{"embeddable":true,"href":"https:\/\/www2.memri.org\/espanol\/tv\/wp-json\/wp\/v2\/comments?post=5332"}],"version-history":[{"count":0,"href":"https:\/\/www2.memri.org\/espanol\/tv\/wp-json\/wp\/v2\/posts\/5332\/revisions"}],"wp:featuredmedia":[{"embeddable":true,"href":"https:\/\/www2.memri.org\/espanol\/tv\/wp-json\/wp\/v2\/media\/5334"}],"wp:attachment":[{"href":"https:\/\/www2.memri.org\/espanol\/tv\/wp-json\/wp\/v2\/media?parent=5332"}],"wp:term":[{"taxonomy":"category","embeddable":true,"href":"https:\/\/www2.memri.org\/espanol\/tv\/wp-json\/wp\/v2\/categories?post=5332"},{"taxonomy":"post_tag","embeddable":true,"href":"https:\/\/www2.memri.org\/espanol\/tv\/wp-json\/wp\/v2\/tags?post=5332"}],"curies":[{"name":"wp","href":"https:\/\/api.w.org\/{rel}","templated":true}]}}