{"id":5142,"date":"2024-07-18T13:11:02","date_gmt":"2024-07-18T10:11:02","guid":{"rendered":"https:\/\/www2.memri.org\/espanol\/tv\/?p=5142"},"modified":"2024-07-18T13:11:02","modified_gmt":"2024-07-18T10:11:02","slug":"presentador-de-la-television-irani-sugiere-que-el-intento-de-asesinato-de-trump-pudo-haber-sido-un-montaje-y-agrega-necesitamos-que-siga-con-vida-para-que-pueda-ser-juzgado-y-pagar-por-sus-c","status":"publish","type":"post","link":"https:\/\/www2.memri.org\/espanol\/tv\/2024\/07\/18\/presentador-de-la-television-irani-sugiere-que-el-intento-de-asesinato-de-trump-pudo-haber-sido-un-montaje-y-agrega-necesitamos-que-siga-con-vida-para-que-pueda-ser-juzgado-y-pagar-por-sus-c\/","title":{"rendered":"Presentador de la televisi\u00f3n iran\u00ed sugiere que el intento de asesinato de Trump pudo haber sido un montaje y agrega: \u201cNecesitamos que siga con vida para que pueda ser juzgado y pagar por sus cr\u00edmenes, especialmente el asesinato de Qassem Soleimani\u201d"},"content":{"rendered":"<p>[videopack id=&#8221;5146&#8243;]https:\/\/www2.memri.org\/espanol\/tv\/wp-content\/uploads\/2024\/07\/11246-ESP.mp4[\/videopack]<\/p>\n<p><em>El presentador de un programa matutino transmitido en el Canal 1 de la televisi\u00f3n iran\u00ed (Ir\u00e1n) el 15 de julio de 2024 sugiri\u00f3 que no es nada descabellado pensar que el intento de asesinato del ex-presidente estadounidense Donald Trump el 13 de julio fuera un montaje. <\/em><\/p>\n<p><em>En este sentido, dijo que habr\u00eda sido m\u00e1s &#8220;emocionante&#8221; si la bala hubiese dado en el blanco. Sin embargo, el anfitri\u00f3n se hizo eco de la declaraci\u00f3n del secretario general de Hezbollah, Hassan Nasrallah, tras la eliminaci\u00f3n del comandante de la Fuerza Qods de la Guardia Revolucionaria, por parte de Estados Unidos Qassem Soleimani. Seg\u00fan Nasrallah, &#8220;la cabeza de Trump no es digna de comparaci\u00f3n con los zapatos de Hajj Qassem Soleimani&#8221;. <\/em><\/p>\n<p><em>El presentador agreg\u00f3 que Trump debe ser mantenido con vida para que sea juzgado y pague por sus &#8220;cr\u00edmenes, especialmente por el asesinato de nuestro querido m\u00e1rtir, Hajj Qassem Soleimani&#8221;. <\/em><\/p>\n","protected":false},"excerpt":{"rendered":"<p>[videopack id=&#8221;5146&#8243;]<\/p>\n<p><em>El presentador de un programa matutino transmitido en el Canal 1 de la televisi\u00f3n iran\u00ed (Ir\u00e1n) el 15 de julio de 2024 sugiri\u00f3 que no es nada descabellado pensar que el intento de asesinato del ex-presidente estadounidense Donald Trump el 13 de julio fuera un montaje. <\/em><\/p>\n<p><em>En este sentido, dijo que habr\u00eda sido m\u00e1s &#8220;emocionante&#8221; si la bala hubiese dado en el blanco. Sin embargo, el anfitri\u00f3n se hizo eco de la declaraci\u00f3n del secretario general de Hezbollah, Hassan Nasrallah, tras la eliminaci\u00f3n del comandante de la Fuerza Qods de la Guardia Revolucionaria, por parte de Estados Unidos Qassem Soleimani. Seg\u00fan Nasrallah, &#8220;la cabeza de Trump no es digna de comparaci\u00f3n con los zapatos de Hajj Qassem Soleimani&#8221;. <\/em><\/p>\n<p><em>El presentador agreg\u00f3 que Trump debe ser mantenido con vida para que sea juzgado y pague por sus &#8220;cr\u00edmenes, especialmente por el asesinato de nuestro querido m\u00e1rtir, Hajj Qassem Soleimani&#8221;. <\/em><\/p>\n","protected":false},"author":3,"featured_media":5144,"comment_status":"open","ping_status":"open","sticky":false,"template":"","format":"video","meta":{"footnotes":""},"categories":[2,15],"tags":[],"class_list":["post-5142","post","type-post","status-publish","format-video","has-post-thumbnail","hentry","category-featured","category-iran","post_format-post-format-video"],"_links":{"self":[{"href":"https:\/\/www2.memri.org\/espanol\/tv\/wp-json\/wp\/v2\/posts\/5142","targetHints":{"allow":["GET"]}}],"collection":[{"href":"https:\/\/www2.memri.org\/espanol\/tv\/wp-json\/wp\/v2\/posts"}],"about":[{"href":"https:\/\/www2.memri.org\/espanol\/tv\/wp-json\/wp\/v2\/types\/post"}],"author":[{"embeddable":true,"href":"https:\/\/www2.memri.org\/espanol\/tv\/wp-json\/wp\/v2\/users\/3"}],"replies":[{"embeddable":true,"href":"https:\/\/www2.memri.org\/espanol\/tv\/wp-json\/wp\/v2\/comments?post=5142"}],"version-history":[{"count":0,"href":"https:\/\/www2.memri.org\/espanol\/tv\/wp-json\/wp\/v2\/posts\/5142\/revisions"}],"wp:featuredmedia":[{"embeddable":true,"href":"https:\/\/www2.memri.org\/espanol\/tv\/wp-json\/wp\/v2\/media\/5144"}],"wp:attachment":[{"href":"https:\/\/www2.memri.org\/espanol\/tv\/wp-json\/wp\/v2\/media?parent=5142"}],"wp:term":[{"taxonomy":"category","embeddable":true,"href":"https:\/\/www2.memri.org\/espanol\/tv\/wp-json\/wp\/v2\/categories?post=5142"},{"taxonomy":"post_tag","embeddable":true,"href":"https:\/\/www2.memri.org\/espanol\/tv\/wp-json\/wp\/v2\/tags?post=5142"}],"curies":[{"name":"wp","href":"https:\/\/api.w.org\/{rel}","templated":true}]}}