{"id":5138,"date":"2024-07-18T12:34:31","date_gmt":"2024-07-18T09:34:31","guid":{"rendered":"https:\/\/www2.memri.org\/espanol\/tv\/?p=5138"},"modified":"2024-07-18T12:34:31","modified_gmt":"2024-07-18T09:34:31","slug":"secretario-general-de-hezbollah-hassan-nasrallah-la-cultura-del-martirio-no-es-una-cultura-de-muerte-sino-de-vida-estamos-sacrificando-a-miles-para-que-millones-puedan-vivir-esto-es-lo-q","status":"publish","type":"post","link":"https:\/\/www2.memri.org\/espanol\/tv\/2024\/07\/18\/secretario-general-de-hezbollah-hassan-nasrallah-la-cultura-del-martirio-no-es-una-cultura-de-muerte-sino-de-vida-estamos-sacrificando-a-miles-para-que-millones-puedan-vivir-esto-es-lo-q\/","title":{"rendered":"Secretario general de Hezbollah, Hassan Nasrallah: \u201cLa cultura del martirio no es una cultura de muerte, sino de vida; Estamos sacrificando a miles para que millones puedan vivir; esto es lo que queremos para el L\u00edbano\u201d"},"content":{"rendered":"<p>[videopack id=&#8221;5141&#8243;]https:\/\/www2.memri.org\/espanol\/tv\/wp-content\/uploads\/2024\/07\/11247.-ESPmp4.mp4[\/videopack]<\/p>\n<p><em>El secretario general de Hezbollah, Hassan Nasrallah, pronunci\u00f3 un discurso, que fue televisado el d\u00eda 11 de julio de 2024. <\/em><\/p>\n<p><em>En la ocasi\u00f3n, Nasrallah sostuvo que la cultura del martirio &#8220;no es una cultura de muerte&#8221;, sino que m\u00e1s bien se trata de una &#8220;cultura de vida&#8221;. Hassan Nasrallah asegur\u00f3 que, seg\u00fan esta cultura se sacrifican a decenas de miles de m\u00e1rtires para que decenas de millones puedan vivir con &#8220;orgullo, honor y seguridad&#8221;. A continuaci\u00f3n, agreg\u00f3: &#8220;Esto es lo que queremos para el L\u00edbano y su pueblo&#8221;. <\/em><\/p>\n<p><em>El discurso, pronunciado para conmemorar la quinta noche de Ashura, fue publicado en el canal Motazen en YouTube. <\/em><\/p>\n","protected":false},"excerpt":{"rendered":"<p>[videopack id=&#8221;5141&#8243;]<\/p>\n<p><em>El secretario general de Hezbollah, Hassan Nasrallah, pronunci\u00f3 un discurso, que fue televisado el d\u00eda 11 de julio de 2024. <\/em><\/p>\n<p><em>En la ocasi\u00f3n, Nasrallah sostuvo que la cultura del martirio &#8220;no es una cultura de muerte&#8221;, sino que m\u00e1s bien se trata de una &#8220;cultura de vida&#8221;. Hassan Nasrallah asegur\u00f3 que, seg\u00fan esta cultura se sacrifican a decenas de miles de m\u00e1rtires para que decenas de millones puedan vivir con &#8220;orgullo, honor y seguridad&#8221;. A continuaci\u00f3n, agreg\u00f3: &#8220;Esto es lo que queremos para el L\u00edbano y su pueblo&#8221;. <\/em><\/p>\n<p><em>El discurso, pronunciado para conmemorar la quinta noche de Ashura, fue publicado en el canal Motazen en YouTube. <\/em><\/p>\n","protected":false},"author":3,"featured_media":5140,"comment_status":"open","ping_status":"open","sticky":false,"template":"","format":"video","meta":{"footnotes":""},"categories":[2,616],"tags":[],"class_list":["post-5138","post","type-post","status-publish","format-video","has-post-thumbnail","hentry","category-featured","category-hezbollah","post_format-post-format-video"],"_links":{"self":[{"href":"https:\/\/www2.memri.org\/espanol\/tv\/wp-json\/wp\/v2\/posts\/5138","targetHints":{"allow":["GET"]}}],"collection":[{"href":"https:\/\/www2.memri.org\/espanol\/tv\/wp-json\/wp\/v2\/posts"}],"about":[{"href":"https:\/\/www2.memri.org\/espanol\/tv\/wp-json\/wp\/v2\/types\/post"}],"author":[{"embeddable":true,"href":"https:\/\/www2.memri.org\/espanol\/tv\/wp-json\/wp\/v2\/users\/3"}],"replies":[{"embeddable":true,"href":"https:\/\/www2.memri.org\/espanol\/tv\/wp-json\/wp\/v2\/comments?post=5138"}],"version-history":[{"count":0,"href":"https:\/\/www2.memri.org\/espanol\/tv\/wp-json\/wp\/v2\/posts\/5138\/revisions"}],"wp:featuredmedia":[{"embeddable":true,"href":"https:\/\/www2.memri.org\/espanol\/tv\/wp-json\/wp\/v2\/media\/5140"}],"wp:attachment":[{"href":"https:\/\/www2.memri.org\/espanol\/tv\/wp-json\/wp\/v2\/media?parent=5138"}],"wp:term":[{"taxonomy":"category","embeddable":true,"href":"https:\/\/www2.memri.org\/espanol\/tv\/wp-json\/wp\/v2\/categories?post=5138"},{"taxonomy":"post_tag","embeddable":true,"href":"https:\/\/www2.memri.org\/espanol\/tv\/wp-json\/wp\/v2\/tags?post=5138"}],"curies":[{"name":"wp","href":"https:\/\/api.w.org\/{rel}","templated":true}]}}