{"id":4855,"date":"2024-06-19T16:55:15","date_gmt":"2024-06-19T13:55:15","guid":{"rendered":"https:\/\/www2.memri.org\/espanol\/tv\/?p=4855"},"modified":"2024-06-19T16:55:15","modified_gmt":"2024-06-19T13:55:15","slug":"ministro-de-trabajo-libanes-moustafa-bayram-nasrallah-es-un-arma-estrategica-estados-unidos-es-satanas-sus-estudiantes-izan-las-banderas-de-hezbollah-como-simbolo-de-lucha-el-movimiento-estud","status":"publish","type":"post","link":"https:\/\/www2.memri.org\/espanol\/tv\/2024\/06\/19\/ministro-de-trabajo-libanes-moustafa-bayram-nasrallah-es-un-arma-estrategica-estados-unidos-es-satanas-sus-estudiantes-izan-las-banderas-de-hezbollah-como-simbolo-de-lucha-el-movimiento-estud\/","title":{"rendered":"Ministro de Trabajo liban\u00e9s, Moustafa Bayram: Nasrallah es un &#8220;arma estrat\u00e9gica&#8221;; Estados Unidos es Satan\u00e1s; sus estudiantes izan las banderas de Hezbollah como s\u00edmbolo de lucha; el movimiento estudiantil demuestra que la democracia occidental se encuentra en una gran crisis&#8221;"},"content":{"rendered":"<p>[videopack id=&#8221;4857&#8243;]https:\/\/www2.memri.org\/espanol\/tv\/wp-content\/uploads\/2024\/06\/11182-ESP.mp4[\/videopack]<\/p>\n<p><em>El ministro de Trabajo liban\u00e9s, Moustafa Bayram, fue entrevistado el 13 de junio de 2024 en el canal de televisi\u00f3n local Mayadeen. En este contexto, Bayram declar\u00f3 que el secretario general de Hezbollah, Hassan Nasrallah, es un &#8220;arma estrat\u00e9gica&#8221;. Adem\u00e1s. llam\u00f3 a Estados Unidos &#8220;Satan\u00e1s&#8221; y sostuvo que los estudiantes estadounidenses izan la bandera de Hezbollah como &#8220;s\u00edmbolo de lucha&#8221;, lo cual demuestra que Hezbollah habla por ellos y que est\u00e1 vengando a todos los pueblos libres del mundo. El ministro liban\u00e9s sostuvo que las protestas estudiantiles en las universidades estadounidenses demuestran que la democracia occidental se encuentra en una &#8220;gran crisis&#8221;. <\/em><\/p>\n","protected":false},"excerpt":{"rendered":"<p>[videopack id=&#8221;4857&#8243;]<\/p>\n<p><em>El ministro de Trabajo liban\u00e9s, Moustafa Bayram, fue entrevistado el 13 de junio de 2024 en el canal de televisi\u00f3n local Mayadeen. En este contexto, Bayram declar\u00f3 que el secretario general de Hezbollah, Hassan Nasrallah, es un &#8220;arma estrat\u00e9gica&#8221;. Adem\u00e1s. llam\u00f3 a Estados Unidos &#8220;Satan\u00e1s&#8221; y sostuvo que los estudiantes estadounidenses izan la bandera de Hezbollah como &#8220;s\u00edmbolo de lucha&#8221;, lo cual demuestra que Hezbollah habla por ellos y que est\u00e1 vengando a todos los pueblos libres del mundo. El ministro liban\u00e9s sostuvo que las protestas estudiantiles en las universidades estadounidenses demuestran que la democracia occidental se encuentra en una &#8220;gran crisis&#8221;. <\/em><\/p>\n","protected":false},"author":3,"featured_media":4856,"comment_status":"open","ping_status":"open","sticky":false,"template":"","format":"video","meta":{"footnotes":""},"categories":[2,18],"tags":[],"class_list":["post-4855","post","type-post","status-publish","format-video","has-post-thumbnail","hentry","category-featured","category-libano","post_format-post-format-video"],"_links":{"self":[{"href":"https:\/\/www2.memri.org\/espanol\/tv\/wp-json\/wp\/v2\/posts\/4855","targetHints":{"allow":["GET"]}}],"collection":[{"href":"https:\/\/www2.memri.org\/espanol\/tv\/wp-json\/wp\/v2\/posts"}],"about":[{"href":"https:\/\/www2.memri.org\/espanol\/tv\/wp-json\/wp\/v2\/types\/post"}],"author":[{"embeddable":true,"href":"https:\/\/www2.memri.org\/espanol\/tv\/wp-json\/wp\/v2\/users\/3"}],"replies":[{"embeddable":true,"href":"https:\/\/www2.memri.org\/espanol\/tv\/wp-json\/wp\/v2\/comments?post=4855"}],"version-history":[{"count":0,"href":"https:\/\/www2.memri.org\/espanol\/tv\/wp-json\/wp\/v2\/posts\/4855\/revisions"}],"wp:featuredmedia":[{"embeddable":true,"href":"https:\/\/www2.memri.org\/espanol\/tv\/wp-json\/wp\/v2\/media\/4856"}],"wp:attachment":[{"href":"https:\/\/www2.memri.org\/espanol\/tv\/wp-json\/wp\/v2\/media?parent=4855"}],"wp:term":[{"taxonomy":"category","embeddable":true,"href":"https:\/\/www2.memri.org\/espanol\/tv\/wp-json\/wp\/v2\/categories?post=4855"},{"taxonomy":"post_tag","embeddable":true,"href":"https:\/\/www2.memri.org\/espanol\/tv\/wp-json\/wp\/v2\/tags?post=4855"}],"curies":[{"name":"wp","href":"https:\/\/api.w.org\/{rel}","templated":true}]}}