{"id":4841,"date":"2024-06-19T12:05:14","date_gmt":"2024-06-19T09:05:14","guid":{"rendered":"https:\/\/www2.memri.org\/espanol\/tv\/?p=4841"},"modified":"2024-06-19T12:05:14","modified_gmt":"2024-06-19T09:05:14","slug":"periodista-libanes-georges-yasmine-no-somos-antisemitas-los-judios-son-mentirosos-no-es-de-extranar-que-los-judios-fueran-masacrados-en-europa-dondequiera-que-estuviesen-habia-problemas","status":"publish","type":"post","link":"https:\/\/www2.memri.org\/espanol\/tv\/2024\/06\/19\/periodista-libanes-georges-yasmine-no-somos-antisemitas-los-judios-son-mentirosos-no-es-de-extranar-que-los-judios-fueran-masacrados-en-europa-dondequiera-que-estuviesen-habia-problemas\/","title":{"rendered":"Periodista liban\u00e9s Georges Yasmine: \u201cNo somos antisemitas; los jud\u00edos son mentirosos; no es de extra\u00f1ar que los jud\u00edos fueran masacrados en Europa, dondequiera que estuviesen hab\u00eda problemas\u201d"},"content":{"rendered":"<p>[videopack id=&#8221;4843&#8243;]https:\/\/www2.memri.org\/espanol\/tv\/wp-content\/uploads\/2024\/06\/11171-ESP.mp4[\/videopack]<\/p>\n<p><em>El periodista liban\u00e9s Georges Yasmine fue entrevistado el 18 de mayo de 2024 en el canal de YouTube de Roula Nasr. En este contexto, Yasmine argument\u00f3 que las masacres de jud\u00edos en Europa no fueron sorprendentes, porque dondequiera que estuviesen los jud\u00edos, hab\u00eda problemas. Tambi\u00e9n sostuvo que los jud\u00edos son mentirosos y que llevaron a cabo la Revoluci\u00f3n Bolchevique en respuesta a los pogromos. El periodista se burl\u00f3 de los israel\u00edes por correr a esconderse durante los ataques con cohetes en Tel Aviv, en lugar de reunirse y observar el ataque como lo hacen los palestinos y los libaneses. <\/em><\/p>\n","protected":false},"excerpt":{"rendered":"<p>[videopack id=&#8221;4843&#8243;]<\/p>\n<p><em>El periodista liban\u00e9s Georges Yasmine fue entrevistado el 18 de mayo de 2024 en el canal de YouTube de Roula Nasr. En este contexto, Yasmine argument\u00f3 que las masacres de jud\u00edos en Europa no fueron sorprendentes, porque dondequiera que estuviesen los jud\u00edos, hab\u00eda problemas. Tambi\u00e9n sostuvo que los jud\u00edos son mentirosos y que llevaron a cabo la Revoluci\u00f3n Bolchevique en respuesta a los pogromos. El periodista se burl\u00f3 de los israel\u00edes por correr a esconderse durante los ataques con cohetes en Tel Aviv, en lugar de reunirse y observar el ataque como lo hacen los palestinos y los libaneses. <\/em><\/p>\n","protected":false},"author":3,"featured_media":4845,"comment_status":"open","ping_status":"open","sticky":false,"template":"","format":"video","meta":{"footnotes":""},"categories":[2,18],"tags":[],"class_list":["post-4841","post","type-post","status-publish","format-video","has-post-thumbnail","hentry","category-featured","category-libano","post_format-post-format-video"],"_links":{"self":[{"href":"https:\/\/www2.memri.org\/espanol\/tv\/wp-json\/wp\/v2\/posts\/4841","targetHints":{"allow":["GET"]}}],"collection":[{"href":"https:\/\/www2.memri.org\/espanol\/tv\/wp-json\/wp\/v2\/posts"}],"about":[{"href":"https:\/\/www2.memri.org\/espanol\/tv\/wp-json\/wp\/v2\/types\/post"}],"author":[{"embeddable":true,"href":"https:\/\/www2.memri.org\/espanol\/tv\/wp-json\/wp\/v2\/users\/3"}],"replies":[{"embeddable":true,"href":"https:\/\/www2.memri.org\/espanol\/tv\/wp-json\/wp\/v2\/comments?post=4841"}],"version-history":[{"count":0,"href":"https:\/\/www2.memri.org\/espanol\/tv\/wp-json\/wp\/v2\/posts\/4841\/revisions"}],"wp:featuredmedia":[{"embeddable":true,"href":"https:\/\/www2.memri.org\/espanol\/tv\/wp-json\/wp\/v2\/media\/4845"}],"wp:attachment":[{"href":"https:\/\/www2.memri.org\/espanol\/tv\/wp-json\/wp\/v2\/media?parent=4841"}],"wp:term":[{"taxonomy":"category","embeddable":true,"href":"https:\/\/www2.memri.org\/espanol\/tv\/wp-json\/wp\/v2\/categories?post=4841"},{"taxonomy":"post_tag","embeddable":true,"href":"https:\/\/www2.memri.org\/espanol\/tv\/wp-json\/wp\/v2\/tags?post=4841"}],"curies":[{"name":"wp","href":"https:\/\/api.w.org\/{rel}","templated":true}]}}