{"id":4833,"date":"2024-06-19T11:00:18","date_gmt":"2024-06-19T08:00:18","guid":{"rendered":"https:\/\/www2.memri.org\/espanol\/tv\/?p=4833"},"modified":"2024-06-19T11:00:18","modified_gmt":"2024-06-19T08:00:18","slug":"profesor-de-la-universidad-de-california-en-berkeley-hatem-bazian-transmite-en-facebook-desde-campamento-estudiantil-las-almas-de-nuestros-martires-se-elevaran-sobre-la-jerusalen-liberada","status":"publish","type":"post","link":"https:\/\/www2.memri.org\/espanol\/tv\/2024\/06\/19\/profesor-de-la-universidad-de-california-en-berkeley-hatem-bazian-transmite-en-facebook-desde-campamento-estudiantil-las-almas-de-nuestros-martires-se-elevaran-sobre-la-jerusalen-liberada\/","title":{"rendered":"Profesor de la Universidad de California en Berkeley, Hatem Bazian, transmite en Facebook desde campamento estudiantil: \u201cLas almas de nuestros m\u00e1rtires se elevar\u00e1n sobre la Jerusal\u00e9n liberada, libres de la profanaci\u00f3n de sus asesinos; \u00a1viva la resistencia palestina!\u201d"},"content":{"rendered":"<p>[videopack id=&#8221;4836&#8243;]https:\/\/www2.memri.org\/espanol\/tv\/wp-content\/uploads\/2024\/06\/11175-ESP.mp4[\/videopack]<\/p>\n<p><em>El profesor de la Universidad de California en Berkeley, Hatem Bazian, comparti\u00f3 una transmisi\u00f3n en vivo desde el \u201ccampamento de Gaza\u201d en la Universidad el 7 de mayo de 2024.<\/em><\/p>\n<p><em>Durante la transmisi\u00f3n en su p\u00e1gina de Facebook, los oradores elogiaron la &#8220;resistencia&#8221; palestina. Una mujer dijo que las almas de los m\u00e1rtires palestinos alg\u00fan d\u00eda se elevar\u00e1n sobre &#8220;una Jerusal\u00e9n liberada, libre de la profanaci\u00f3n de sus asesinos&#8221;. Otra mujer dirigi\u00f3 a la multitud en un c\u00e1ntico: &#8220;\u00a1Gloria a nuestra noble resistencia! [\u2026] \u00a1Viva la resistencia palestina!&#8221; Un hombre dirigi\u00f3 a la multitud en un c\u00e1ntico en el que promet\u00eda regresar a Acre, Jaffa, Safed y Haifa. Bazian tambi\u00e9n habl\u00f3 en el evento, pero su discurso no fue incluido en este clip.<\/em><\/p>\n<p><em>Cabe se\u00f1alar que Hatem Bazian es el presidente de la Junta Nacional de AMP (Musulmanes Estadounidenses por Palestina) y fue cofundador de SJP (Estudiantes por la Justicia en Palestina). Tambi\u00e9n es cofundador y miembro del cuerpo docente del Instituto Universitario Zaytuna. <\/em><\/p>\n","protected":false},"excerpt":{"rendered":"<p>[videopack id=&#8221;4836&#8243;]<\/p>\n<p><em>El profesor de la Universidad de California en Berkeley, Hatem Bazian, comparti\u00f3 una transmisi\u00f3n en vivo desde el \u201ccampamento de Gaza\u201d en la Universidad el 7 de mayo de 2024.<\/em><\/p>\n<p><em>Durante la transmisi\u00f3n en su p\u00e1gina de Facebook, los oradores elogiaron la &#8220;resistencia&#8221; palestina. Una mujer dijo que las almas de los m\u00e1rtires palestinos alg\u00fan d\u00eda se elevar\u00e1n sobre &#8220;una Jerusal\u00e9n liberada, libre de la profanaci\u00f3n de sus asesinos&#8221;. Otra mujer dirigi\u00f3 a la multitud en un c\u00e1ntico: &#8220;\u00a1Gloria a nuestra noble resistencia! [\u2026] \u00a1Viva la resistencia palestina!&#8221; Un hombre dirigi\u00f3 a la multitud en un c\u00e1ntico en el que promet\u00eda regresar a Acre, Jaffa, Safed y Haifa. Bazian tambi\u00e9n habl\u00f3 en el evento, pero su discurso no fue incluido en este clip.<\/em><\/p>\n<p><em>Cabe se\u00f1alar que Hatem Bazian es el presidente de la Junta Nacional de AMP (Musulmanes Estadounidenses por Palestina) y fue cofundador de SJP (Estudiantes por la Justicia en Palestina). Tambi\u00e9n es cofundador y miembro del cuerpo docente del Instituto Universitario Zaytuna. <\/em><\/p>\n","protected":false},"author":3,"featured_media":4835,"comment_status":"open","ping_status":"open","sticky":false,"template":"","format":"video","meta":{"footnotes":""},"categories":[12,2],"tags":[],"class_list":["post-4833","post","type-post","status-publish","format-video","has-post-thumbnail","hentry","category-estados-unidos","category-featured","post_format-post-format-video"],"_links":{"self":[{"href":"https:\/\/www2.memri.org\/espanol\/tv\/wp-json\/wp\/v2\/posts\/4833","targetHints":{"allow":["GET"]}}],"collection":[{"href":"https:\/\/www2.memri.org\/espanol\/tv\/wp-json\/wp\/v2\/posts"}],"about":[{"href":"https:\/\/www2.memri.org\/espanol\/tv\/wp-json\/wp\/v2\/types\/post"}],"author":[{"embeddable":true,"href":"https:\/\/www2.memri.org\/espanol\/tv\/wp-json\/wp\/v2\/users\/3"}],"replies":[{"embeddable":true,"href":"https:\/\/www2.memri.org\/espanol\/tv\/wp-json\/wp\/v2\/comments?post=4833"}],"version-history":[{"count":0,"href":"https:\/\/www2.memri.org\/espanol\/tv\/wp-json\/wp\/v2\/posts\/4833\/revisions"}],"wp:featuredmedia":[{"embeddable":true,"href":"https:\/\/www2.memri.org\/espanol\/tv\/wp-json\/wp\/v2\/media\/4835"}],"wp:attachment":[{"href":"https:\/\/www2.memri.org\/espanol\/tv\/wp-json\/wp\/v2\/media?parent=4833"}],"wp:term":[{"taxonomy":"category","embeddable":true,"href":"https:\/\/www2.memri.org\/espanol\/tv\/wp-json\/wp\/v2\/categories?post=4833"},{"taxonomy":"post_tag","embeddable":true,"href":"https:\/\/www2.memri.org\/espanol\/tv\/wp-json\/wp\/v2\/tags?post=4833"}],"curies":[{"name":"wp","href":"https:\/\/api.w.org\/{rel}","templated":true}]}}