{"id":454,"date":"2023-01-08T18:45:56","date_gmt":"2023-01-08T22:45:56","guid":{"rendered":"https:\/\/www2.memri.org\/espanol\/tv\/?p=454"},"modified":"2023-02-09T18:50:10","modified_gmt":"2023-02-09T22:50:10","slug":"los-iranies-protestan-contra-las-inminentes-ejecuciones-de-mohammad-ghobadlou-y-mohammad-boroughani-habra-un-levantamiento-si-llevan-a-cabo-las-ejecuciones-este-es-el-ano-del-levantam","status":"publish","type":"post","link":"https:\/\/www2.memri.org\/espanol\/tv\/2023\/01\/08\/los-iranies-protestan-contra-las-inminentes-ejecuciones-de-mohammad-ghobadlou-y-mohammad-boroughani-habra-un-levantamiento-si-llevan-a-cabo-las-ejecuciones-este-es-el-ano-del-levantam\/","title":{"rendered":"Los iran\u00edes protestan contra las inminentes ejecuciones de Mohammad Ghobadlou y Mohammad Boroughani: \u201c\u00a1Habr\u00e1 un levantamiento si llevan a cabo las ejecuciones! Este es el a\u00f1o del levantamiento sangriento, \u00a1Khamenei ser\u00e1 derrocado!\u201d"},"content":{"rendered":"<p>[videopack id=&#8221;455&#8243;]https:\/\/www2.memri.org\/espanol\/tv\/wp-content\/uploads\/2023\/02\/10045-ESP.mp4[\/videopack]<\/p>\n<p><em>Este clip es una compilaci\u00f3n de im\u00e1genes que muestran a iran\u00edes protestando frente a la prisi\u00f3n de Rajai-Shahr en Karaj, Ir\u00e1n, contra las ejecuciones inminentes de los manifestantes Mohammad Ghobadlou, de 22 a\u00f1os de edad, y Mohammad Boroughani, de 18. <\/em><\/p>\n<p><em>Los manifestantes corean &#8220;\u00a1Este es el a\u00f1o del [levantamiento] sangriento! \u00a1[Khamenei] ser\u00e1 derrocado!&#8221;, &#8220;\u00a1Matar\u00e9 a quien haya matado a mi hermano!&#8221; y &#8220;\u00a1Esta es la advertencia final! Habr\u00e1 un levantamiento si cumples la ejecuci\u00f3n!&#8221; <\/em><\/p>\n<p><em>A la protesta tambi\u00e9n asisti\u00f3 la madre de Ghobadlou, quien dijo que su hijo hab\u00eda sido acusado falsamente de asesinar a alguien para que las autoridades pudieran ejecutarlo. Las im\u00e1genes de este clip se publicaron el 8 de enero de 2023 en la cuenta de Twitter de la periodista disidente iran\u00ed Masih Alinejad y en la p\u00e1gina de Instagram de Iran International. Seg\u00fan organizaciones y activistas de derechos humanos, a los dos hombres se les ha negado el debido proceso.<\/em><\/p>\n<p>L\u00edder: &#8220;\u00a1Este es el a\u00f1o del [levantamiento] sangriento!&#8221;<\/p>\n<p>Multitud: &#8220;\u00a1Sayyid Ali [Khamenei] ser\u00e1 derrocado!&#8221;<\/p>\n<p>[&#8230;]<\/p>\n<p>Multitud: &#8220;\u00a1Matar\u00e9 a quien haya matado a mi hermano!&#8221;<\/p>\n<p>[&#8230;]<\/p>\n<p>Multitud: &#8220;\u00a1Mohammad Ghobadlou debe ser liberado!<\/p>\n<p>[&#8230;]<\/p>\n<p>L\u00edder del canto: &#8220;\u00a1Esta es la advertencia final!&#8221;<\/p>\n<p>[&#8230;]<\/p>\n<p>Multitud: &#8220;\u00a1Habr\u00e1 un levantamiento si llevan a cabo la ejecuci\u00f3n!&#8221;<\/p>\n<p>[&#8230;]<\/p>\n<p>Madre de Mohammad Ghobadlou: &#8220;El tipo fue martirizado en otro lugar, en Robat Karim [en la provincia de Teher\u00e1n] pero agregaron los cargos [por su asesinato] al caso de mi hijo. Agregaron<strong> estos cargos para poder ejecutar a mi hijo. &#8220;<\/strong><\/p>\n","protected":false},"excerpt":{"rendered":"<p>[videopack id=&#8221;455&#8243;]<\/p>\n<p><em>Este clip es una compilaci\u00f3n de im\u00e1genes que muestran a iran\u00edes protestando frente a la prisi\u00f3n de Rajai-Shahr en Karaj, Ir\u00e1n, contra las ejecuciones inminentes de los manifestantes Mohammad Ghobadlou, de 22 a\u00f1os de edad, y Mohammad Boroughani, de 18. <\/em><\/p>\n<p><em>Los manifestantes corean &#8220;\u00a1Este es el a\u00f1o del [levantamiento] sangriento! \u00a1[Khamenei] ser\u00e1 derrocado!&#8221;, &#8220;\u00a1Matar\u00e9 a quien haya matado a mi hermano!&#8221; y &#8220;\u00a1Esta es la advertencia final! Habr\u00e1 un levantamiento si cumples la ejecuci\u00f3n!&#8221; <\/em><\/p>\n<p><em>A la protesta tambi\u00e9n asisti\u00f3 la madre de Ghobadlou, quien dijo que su hijo hab\u00eda sido acusado falsamente de asesinar a alguien para que las autoridades pudieran ejecutarlo. Las im\u00e1genes de este clip se publicaron el 8 de enero de 2023 en la cuenta de Twitter de la periodista disidente iran\u00ed Masih Alinejad y en la p\u00e1gina de Instagram de Iran International. Seg\u00fan organizaciones y activistas de derechos humanos, a los dos hombres se les ha negado el debido proceso.<\/em><\/p>\n<p>L\u00edder: &#8220;\u00a1Este es el a\u00f1o del [levantamiento] sangriento!&#8221;<\/p>\n<p>Multitud: &#8220;\u00a1Sayyid Ali [Khamenei] ser\u00e1 derrocado!&#8221;<\/p>\n<p>[&#8230;]<\/p>\n<p>Multitud: &#8220;\u00a1Matar\u00e9 a quien haya matado a mi hermano!&#8221;<\/p>\n<p>[&#8230;]<\/p>\n<p>Multitud: &#8220;\u00a1Mohammad Ghobadlou debe ser liberado!<\/p>\n<p>[&#8230;]<\/p>\n<p>L\u00edder del canto: &#8220;\u00a1Esta es la advertencia final!&#8221;<\/p>\n<p>[&#8230;]<\/p>\n<p>Multitud: &#8220;\u00a1Habr\u00e1 un levantamiento si llevan a cabo la ejecuci\u00f3n!&#8221;<\/p>\n<p>[&#8230;]<\/p>\n<p>Madre de Mohammad Ghobadlou: &#8220;El tipo fue martirizado en otro lugar, en Robat Karim [en la provincia de Teher\u00e1n] pero agregaron los cargos [por su asesinato] al caso de mi hijo. Agregaron<strong> estos cargos para poder ejecutar a mi hijo. &#8220;<\/strong><\/p>\n","protected":false},"author":3,"featured_media":456,"comment_status":"open","ping_status":"open","sticky":false,"template":"","format":"video","meta":{"footnotes":""},"categories":[15,5,223,142],"tags":[],"class_list":["post-454","post","type-post","status-publish","format-video","has-post-thumbnail","hentry","category-iran","category-paises","category-protesta-contra-inminente-ejecucion-de-dos-manifestantes-contra-el-regimen","category-temas","post_format-post-format-video"],"_links":{"self":[{"href":"https:\/\/www2.memri.org\/espanol\/tv\/wp-json\/wp\/v2\/posts\/454","targetHints":{"allow":["GET"]}}],"collection":[{"href":"https:\/\/www2.memri.org\/espanol\/tv\/wp-json\/wp\/v2\/posts"}],"about":[{"href":"https:\/\/www2.memri.org\/espanol\/tv\/wp-json\/wp\/v2\/types\/post"}],"author":[{"embeddable":true,"href":"https:\/\/www2.memri.org\/espanol\/tv\/wp-json\/wp\/v2\/users\/3"}],"replies":[{"embeddable":true,"href":"https:\/\/www2.memri.org\/espanol\/tv\/wp-json\/wp\/v2\/comments?post=454"}],"version-history":[{"count":0,"href":"https:\/\/www2.memri.org\/espanol\/tv\/wp-json\/wp\/v2\/posts\/454\/revisions"}],"wp:featuredmedia":[{"embeddable":true,"href":"https:\/\/www2.memri.org\/espanol\/tv\/wp-json\/wp\/v2\/media\/456"}],"wp:attachment":[{"href":"https:\/\/www2.memri.org\/espanol\/tv\/wp-json\/wp\/v2\/media?parent=454"}],"wp:term":[{"taxonomy":"category","embeddable":true,"href":"https:\/\/www2.memri.org\/espanol\/tv\/wp-json\/wp\/v2\/categories?post=454"},{"taxonomy":"post_tag","embeddable":true,"href":"https:\/\/www2.memri.org\/espanol\/tv\/wp-json\/wp\/v2\/tags?post=454"}],"curies":[{"name":"wp","href":"https:\/\/api.w.org\/{rel}","templated":true}]}}