{"id":3908,"date":"2024-02-22T16:18:26","date_gmt":"2024-02-22T14:18:26","guid":{"rendered":"https:\/\/www2.memri.org\/espanol\/tv\/?p=3908"},"modified":"2024-02-22T16:18:26","modified_gmt":"2024-02-22T14:18:26","slug":"periodista-libanesa-radicada-en-paris-maya-khadra-hamas-carece-de-valores-morales-utilizan-a-los-habitantes-de-gaza-como-escudos-humanos-para-librar-su-guerra-suicida-atacar-a-persona","status":"publish","type":"post","link":"https:\/\/www2.memri.org\/espanol\/tv\/2024\/02\/22\/periodista-libanesa-radicada-en-paris-maya-khadra-hamas-carece-de-valores-morales-utilizan-a-los-habitantes-de-gaza-como-escudos-humanos-para-librar-su-guerra-suicida-atacar-a-persona\/","title":{"rendered":"Periodista libanesa radicada en Par\u00eds, Maya Khadra: \u201cHam\u00e1s carece de valores morales; utilizan a los habitantes de Gaza como escudos humanos para librar su &#8216;guerra suicida&#8217;. Atacar a personas indefensas en sus hogares, asesinar ni\u00f1os y secuestrar a personas con enfermedades cr\u00f3nicas no es resistencia, son cr\u00edmenes\u201d"},"content":{"rendered":"<p>[videopack id=&#8221;3911&#8243;]https:\/\/www2.memri.org\/espanol\/tv\/wp-content\/uploads\/2024\/02\/10899-ESP.mp4[\/videopack]<\/p>\n<p><em>La periodista y acad\u00e9mica libanesa residente en Par\u00eds Maya Khadra acus\u00f3 a Ham\u00e1s y a Hezbollah de carecer de valores morales.<\/em><\/p>\n<p><em>Khadra hizo estas declaraciones en un programa transmitido el 17 de febrero de 2024 en el canal de televisi\u00f3n liban\u00e9s MTV. <\/em><\/p>\n<p><em>La periodista sostuvo que, en lugar de luchar contra el ocupante, Ham\u00e1s atac\u00f3 a personas indefensas en sus hogares, asesin\u00f3 a ni\u00f1os, secuestr\u00f3 a personas con enfermedades cr\u00f3nicas y las meti\u00f3 en t\u00faneles. Khadra agreg\u00f3: &#8220;Todos estos son cr\u00edmenes&#8221;. Tambi\u00e9n se\u00f1al\u00f3 que Ham\u00e1s ha convertido al pueblo de Gaza en &#8220;escudos humanos&#8221; con el fin de librar su &#8220;guerra social&#8221;. Khadra continu\u00f3: &#8220;Gaza no ha obtenido ni un solo logro pol\u00edtico o militar de todo esto&#8221;.<\/em><\/p>\n","protected":false},"excerpt":{"rendered":"<p>[videopack id=&#8221;3911&#8243;]<\/p>\n<p><em>La periodista y acad\u00e9mica libanesa residente en Par\u00eds Maya Khadra acus\u00f3 a Ham\u00e1s y a Hezbollah de carecer de valores morales.<\/em><\/p>\n<p><em>Khadra hizo estas declaraciones en un programa transmitido el 17 de febrero de 2024 en el canal de televisi\u00f3n liban\u00e9s MTV. <\/em><\/p>\n<p><em>La periodista sostuvo que, en lugar de luchar contra el ocupante, Ham\u00e1s atac\u00f3 a personas indefensas en sus hogares, asesin\u00f3 a ni\u00f1os, secuestr\u00f3 a personas con enfermedades cr\u00f3nicas y las meti\u00f3 en t\u00faneles. Khadra agreg\u00f3: &#8220;Todos estos son cr\u00edmenes&#8221;. Tambi\u00e9n se\u00f1al\u00f3 que Ham\u00e1s ha convertido al pueblo de Gaza en &#8220;escudos humanos&#8221; con el fin de librar su &#8220;guerra social&#8221;. Khadra continu\u00f3: &#8220;Gaza no ha obtenido ni un solo logro pol\u00edtico o militar de todo esto&#8221;.<\/em><\/p>\n","protected":false},"author":3,"featured_media":3909,"comment_status":"open","ping_status":"open","sticky":false,"template":"","format":"video","meta":{"footnotes":""},"categories":[2,18],"tags":[],"class_list":["post-3908","post","type-post","status-publish","format-video","has-post-thumbnail","hentry","category-featured","category-libano","post_format-post-format-video"],"_links":{"self":[{"href":"https:\/\/www2.memri.org\/espanol\/tv\/wp-json\/wp\/v2\/posts\/3908","targetHints":{"allow":["GET"]}}],"collection":[{"href":"https:\/\/www2.memri.org\/espanol\/tv\/wp-json\/wp\/v2\/posts"}],"about":[{"href":"https:\/\/www2.memri.org\/espanol\/tv\/wp-json\/wp\/v2\/types\/post"}],"author":[{"embeddable":true,"href":"https:\/\/www2.memri.org\/espanol\/tv\/wp-json\/wp\/v2\/users\/3"}],"replies":[{"embeddable":true,"href":"https:\/\/www2.memri.org\/espanol\/tv\/wp-json\/wp\/v2\/comments?post=3908"}],"version-history":[{"count":0,"href":"https:\/\/www2.memri.org\/espanol\/tv\/wp-json\/wp\/v2\/posts\/3908\/revisions"}],"wp:featuredmedia":[{"embeddable":true,"href":"https:\/\/www2.memri.org\/espanol\/tv\/wp-json\/wp\/v2\/media\/3909"}],"wp:attachment":[{"href":"https:\/\/www2.memri.org\/espanol\/tv\/wp-json\/wp\/v2\/media?parent=3908"}],"wp:term":[{"taxonomy":"category","embeddable":true,"href":"https:\/\/www2.memri.org\/espanol\/tv\/wp-json\/wp\/v2\/categories?post=3908"},{"taxonomy":"post_tag","embeddable":true,"href":"https:\/\/www2.memri.org\/espanol\/tv\/wp-json\/wp\/v2\/tags?post=3908"}],"curies":[{"name":"wp","href":"https:\/\/api.w.org\/{rel}","templated":true}]}}