{"id":3899,"date":"2024-02-22T15:41:31","date_gmt":"2024-02-22T13:41:31","guid":{"rendered":"https:\/\/www2.memri.org\/espanol\/tv\/?p=3899"},"modified":"2024-02-22T15:41:31","modified_gmt":"2024-02-22T13:41:31","slug":"ex-presidente-libanes-michel-aoun-critica-a-hezbollah-un-partido-no-puede-por-si-mismo-tomar-decisiones-sobre-un-conflicto-con-israel-el-libano-no-tiene-la-obligacion-de-defender-gaza","status":"publish","type":"post","link":"https:\/\/www2.memri.org\/espanol\/tv\/2024\/02\/22\/ex-presidente-libanes-michel-aoun-critica-a-hezbollah-un-partido-no-puede-por-si-mismo-tomar-decisiones-sobre-un-conflicto-con-israel-el-libano-no-tiene-la-obligacion-de-defender-gaza\/","title":{"rendered":"Ex presidente liban\u00e9s Michel Aoun critica a Hezbollah: \u201cUn partido no puede por s\u00ed mismo tomar decisiones sobre un conflicto con Israel; El L\u00edbano no tiene la obligaci\u00f3n de defender Gaza\u201d"},"content":{"rendered":"<p>[videopack id=&#8221;3902&#8243;]https:\/\/www2.memri.org\/espanol\/tv\/wp-content\/uploads\/2024\/02\/10897-ESP.mp4[\/videopack]<\/p>\n<p><em>El ex-presidente liban\u00e9s Michel Aoun critic\u00f3 a Hezbollah en una entrevista realizada el 19 de febrero de 2024 en el canal de televisi\u00f3n liban\u00e9s OTV.<\/em><\/p>\n<p><em>Aoun sostuvo que \u201cun partido no puede tomar por s\u00ed solo, la decisi\u00f3n sobre un conflicto&#8221;. &#8220;Tenemos un gobierno que dice ser el que gobierna, pero en realidad no es as\u00ed&#8221;, se\u00f1al\u00f3 el ex mandatario.<\/em><\/p>\n<p><em>Aoun afirm\u00f3 que el frente liban\u00e9s con Israel no deber\u00eda vincularse con Gaza, porque el L\u00edbano no tiene ning\u00fan acuerdo para defender Gaza, y sugiri\u00f3 que &#8220;tal vez la Liga \u00c1rabe podr\u00eda hacer algo&#8221;.<\/em><\/p>\n","protected":false},"excerpt":{"rendered":"<p>[videopack id=&#8221;3902&#8243;]<\/p>\n<p><em>El ex-presidente liban\u00e9s Michel Aoun critic\u00f3 a Hezbollah en una entrevista realizada el 19 de febrero de 2024 en el canal de televisi\u00f3n liban\u00e9s OTV.<\/em><\/p>\n<p><em>Aoun sostuvo que \u201cun partido no puede tomar por s\u00ed solo, la decisi\u00f3n sobre un conflicto&#8221;. &#8220;Tenemos un gobierno que dice ser el que gobierna, pero en realidad no es as\u00ed&#8221;, se\u00f1al\u00f3 el ex mandatario.<\/em><\/p>\n<p><em>Aoun afirm\u00f3 que el frente liban\u00e9s con Israel no deber\u00eda vincularse con Gaza, porque el L\u00edbano no tiene ning\u00fan acuerdo para defender Gaza, y sugiri\u00f3 que &#8220;tal vez la Liga \u00c1rabe podr\u00eda hacer algo&#8221;.<\/em><\/p>\n","protected":false},"author":3,"featured_media":3900,"comment_status":"open","ping_status":"open","sticky":false,"template":"","format":"video","meta":{"footnotes":""},"categories":[2,18],"tags":[],"class_list":["post-3899","post","type-post","status-publish","format-video","has-post-thumbnail","hentry","category-featured","category-libano","post_format-post-format-video"],"_links":{"self":[{"href":"https:\/\/www2.memri.org\/espanol\/tv\/wp-json\/wp\/v2\/posts\/3899","targetHints":{"allow":["GET"]}}],"collection":[{"href":"https:\/\/www2.memri.org\/espanol\/tv\/wp-json\/wp\/v2\/posts"}],"about":[{"href":"https:\/\/www2.memri.org\/espanol\/tv\/wp-json\/wp\/v2\/types\/post"}],"author":[{"embeddable":true,"href":"https:\/\/www2.memri.org\/espanol\/tv\/wp-json\/wp\/v2\/users\/3"}],"replies":[{"embeddable":true,"href":"https:\/\/www2.memri.org\/espanol\/tv\/wp-json\/wp\/v2\/comments?post=3899"}],"version-history":[{"count":0,"href":"https:\/\/www2.memri.org\/espanol\/tv\/wp-json\/wp\/v2\/posts\/3899\/revisions"}],"wp:featuredmedia":[{"embeddable":true,"href":"https:\/\/www2.memri.org\/espanol\/tv\/wp-json\/wp\/v2\/media\/3900"}],"wp:attachment":[{"href":"https:\/\/www2.memri.org\/espanol\/tv\/wp-json\/wp\/v2\/media?parent=3899"}],"wp:term":[{"taxonomy":"category","embeddable":true,"href":"https:\/\/www2.memri.org\/espanol\/tv\/wp-json\/wp\/v2\/categories?post=3899"},{"taxonomy":"post_tag","embeddable":true,"href":"https:\/\/www2.memri.org\/espanol\/tv\/wp-json\/wp\/v2\/tags?post=3899"}],"curies":[{"name":"wp","href":"https:\/\/api.w.org\/{rel}","templated":true}]}}