{"id":3740,"date":"2024-02-08T09:09:30","date_gmt":"2024-02-08T07:09:30","guid":{"rendered":"https:\/\/www2.memri.org\/espanol\/tv\/?p=3740"},"modified":"2024-02-08T09:09:30","modified_gmt":"2024-02-08T07:09:30","slug":"analista-politico-palestino-zaid-alayoubi-todos-en-gaza-se-quejan-de-hamas-dicen-que-esta-matando-al-pueblo-yo-le-pregunto-a-ismail-haniyeh-como-se-beneficio-palestina-del-7-de-octu","status":"publish","type":"post","link":"https:\/\/www2.memri.org\/espanol\/tv\/2024\/02\/08\/analista-politico-palestino-zaid-alayoubi-todos-en-gaza-se-quejan-de-hamas-dicen-que-esta-matando-al-pueblo-yo-le-pregunto-a-ismail-haniyeh-como-se-beneficio-palestina-del-7-de-octu\/","title":{"rendered":"Analista pol\u00edtico palestino Zaid Alayoubi: \u201cTodos en Gaza se quejan de Ham\u00e1s, dicen que est\u00e1 matando al pueblo; Yo le pregunto a Ismail Haniyeh: \u00bfC\u00f3mo se benefici\u00f3 Palestina del 7 de octubre? \u00bfD\u00f3nde est\u00e1 la liberaci\u00f3n que usted prometi\u00f3?\u201d"},"content":{"rendered":"<p>[videopack id=&#8221;3743&#8243;]https:\/\/www2.memri.org\/espanol\/tv\/wp-content\/uploads\/2024\/02\/10863-ESP.mp4[\/videopack]<\/p>\n<p><em>El analista pol\u00edtico palestino Zaid Alayoubi critic\u00f3 duramente a Ham\u00e1s en una entrevista realizada el 31 de enero de 2024 con Sky News Arabia (EAU).<\/em><\/p>\n<p><em>Alayoubi sostuvo que todos en Gaza se quejan de Ham\u00e1s, diciendo: &#8220;Cierto, Israel nos est\u00e1 matando, pero Ham\u00e1s tambi\u00e9n nos est\u00e1 matando&#8221;. El analista dijo tambi\u00e9n que Ham\u00e1s se apropia de la ayuda humanitaria que entra en la Franja de Gaza y la est\u00e1 distribuyendo seg\u00fan sus caprichos. <\/em><\/p>\n<p><em>Alayoubi se\u00f1al\u00f3 que el l\u00edder de Ham\u00e1s, Ismail Haniyeh, pidi\u00f3 recientemente un alto al fuego y la retirada militar israel\u00ed de la Franja de Gaza, pero calific\u00f3 el ataque del 7 de octubre como una &#8220;guerra de liberaci\u00f3n&#8221;. En este sentido cuestion\u00f3: &#8220;\u00bfD\u00f3nde est\u00e1 la liberaci\u00f3n que nos prometi\u00f3?&#8221; Alayoubi pregunt\u00f3 adem\u00e1s cu\u00e1les fueron los resultados pol\u00edticos del ataque y c\u00f3mo se benefici\u00f3 Palestina del mismo.<\/em><\/p>\n","protected":false},"excerpt":{"rendered":"<p>[videopack id=&#8221;3743&#8243;]<\/p>\n<p><em>El analista pol\u00edtico palestino Zaid Alayoubi critic\u00f3 duramente a Ham\u00e1s en una entrevista realizada el 31 de enero de 2024 con Sky News Arabia (EAU).<\/em><\/p>\n<p><em>Alayoubi sostuvo que todos en Gaza se quejan de Ham\u00e1s, diciendo: &#8220;Cierto, Israel nos est\u00e1 matando, pero Ham\u00e1s tambi\u00e9n nos est\u00e1 matando&#8221;. El analista dijo tambi\u00e9n que Ham\u00e1s se apropia de la ayuda humanitaria que entra en la Franja de Gaza y la est\u00e1 distribuyendo seg\u00fan sus caprichos. <\/em><\/p>\n<p><em>Alayoubi se\u00f1al\u00f3 que el l\u00edder de Ham\u00e1s, Ismail Haniyeh, pidi\u00f3 recientemente un alto al fuego y la retirada militar israel\u00ed de la Franja de Gaza, pero calific\u00f3 el ataque del 7 de octubre como una &#8220;guerra de liberaci\u00f3n&#8221;. En este sentido cuestion\u00f3: &#8220;\u00bfD\u00f3nde est\u00e1 la liberaci\u00f3n que nos prometi\u00f3?&#8221; Alayoubi pregunt\u00f3 adem\u00e1s cu\u00e1les fueron los resultados pol\u00edticos del ataque y c\u00f3mo se benefici\u00f3 Palestina del mismo.<\/em><\/p>\n","protected":false},"author":3,"featured_media":3742,"comment_status":"open","ping_status":"open","sticky":false,"template":"","format":"video","meta":{"footnotes":""},"categories":[2,19],"tags":[],"class_list":["post-3740","post","type-post","status-publish","format-video","has-post-thumbnail","hentry","category-featured","category-palestina","post_format-post-format-video"],"_links":{"self":[{"href":"https:\/\/www2.memri.org\/espanol\/tv\/wp-json\/wp\/v2\/posts\/3740","targetHints":{"allow":["GET"]}}],"collection":[{"href":"https:\/\/www2.memri.org\/espanol\/tv\/wp-json\/wp\/v2\/posts"}],"about":[{"href":"https:\/\/www2.memri.org\/espanol\/tv\/wp-json\/wp\/v2\/types\/post"}],"author":[{"embeddable":true,"href":"https:\/\/www2.memri.org\/espanol\/tv\/wp-json\/wp\/v2\/users\/3"}],"replies":[{"embeddable":true,"href":"https:\/\/www2.memri.org\/espanol\/tv\/wp-json\/wp\/v2\/comments?post=3740"}],"version-history":[{"count":0,"href":"https:\/\/www2.memri.org\/espanol\/tv\/wp-json\/wp\/v2\/posts\/3740\/revisions"}],"wp:featuredmedia":[{"embeddable":true,"href":"https:\/\/www2.memri.org\/espanol\/tv\/wp-json\/wp\/v2\/media\/3742"}],"wp:attachment":[{"href":"https:\/\/www2.memri.org\/espanol\/tv\/wp-json\/wp\/v2\/media?parent=3740"}],"wp:term":[{"taxonomy":"category","embeddable":true,"href":"https:\/\/www2.memri.org\/espanol\/tv\/wp-json\/wp\/v2\/categories?post=3740"},{"taxonomy":"post_tag","embeddable":true,"href":"https:\/\/www2.memri.org\/espanol\/tv\/wp-json\/wp\/v2\/tags?post=3740"}],"curies":[{"name":"wp","href":"https:\/\/api.w.org\/{rel}","templated":true}]}}