{"id":3731,"date":"2024-02-07T15:21:42","date_gmt":"2024-02-07T13:21:42","guid":{"rendered":"https:\/\/www2.memri.org\/espanol\/tv\/?p=3731"},"modified":"2024-02-07T15:21:42","modified_gmt":"2024-02-07T13:21:42","slug":"academico-libanes-dr-elie-elias-las-audiencias-de-la-cij-demuestran-que-los-judios-modernos-no-tienen-ninguna-relacion-con-los-judios-del-pasado-y-que-los-judios-en-israel-hoy-no-son-desce","status":"publish","type":"post","link":"https:\/\/www2.memri.org\/espanol\/tv\/2024\/02\/07\/academico-libanes-dr-elie-elias-las-audiencias-de-la-cij-demuestran-que-los-judios-modernos-no-tienen-ninguna-relacion-con-los-judios-del-pasado-y-que-los-judios-en-israel-hoy-no-son-desce\/","title":{"rendered":"Acad\u00e9mico liban\u00e9s, Dr. Elie Elias: \u201cLas audiencias de la CIJ demuestran que los jud\u00edos modernos no tienen ninguna relaci\u00f3n con los jud\u00edos del pasado y que los jud\u00edos en Israel hoy no son descendientes de los jud\u00edos que murieron en el Holocausto, si es que sucedi\u00f3\u201d"},"content":{"rendered":"<p>[videopack id=&#8221;3734&#8243;]https:\/\/www2.memri.org\/espanol\/tv\/wp-content\/uploads\/2024\/02\/10857-ESP.mp4[\/videopack]<\/p>\n<p><em>El acad\u00e9mico liban\u00e9s Dr. Elie Elias particip\u00f3 en un programa transmitido el 26 de enero de 2024 en el canal de televisi\u00f3n liban\u00e9s Al-Manar (Hezbollah).<\/em><\/p>\n<p><em>En este contexto, Elias se\u00f1al\u00f3 que las audiencias de la Corte Internacional de Justicia (CIJ) en La Haya prueban que los jud\u00edos modernos no tienen ninguna relaci\u00f3n con los jud\u00edos del pasado. Adem\u00e1s, dijo que dichas audiencias prueban que los jud\u00edos que viven hoy en Israel no son descendientes de aquellos que murieron en el Holocausto, \u201cincluso si es que sucedi\u00f3\u201d. <\/em><\/p>\n<p><em>Elias agreg\u00f3 que lo que los jud\u00edos est\u00e1n haciendo hoy es un mill\u00f3n de veces m\u00e1s horrible que el Holocausto. Tambi\u00e9n sostuvo que hay planes para crear una entidad jud\u00eda aut\u00f3noma en Ucrania, que servir\u00e1 como alternativa a &#8220;los asentamientos&#8221;. Elias a\u00f1adi\u00f3 que la CIJ prueba que Israel no fue creado para compensar a los jud\u00edos por el Holocausto, ya que los jud\u00edos de Hungr\u00eda y de Europa oriental, que fueron tra\u00eddos a Israel, no sufrieron el Holocausto, pero fueron enviados a Israel gracias a un acuerdo de posguerra entre el remanente de los nazis y los estadounidenses y brit\u00e1nicos.<\/em><\/p>\n","protected":false},"excerpt":{"rendered":"<p>[videopack id=&#8221;3734&#8243;]<\/p>\n<p><em>El acad\u00e9mico liban\u00e9s Dr. Elie Elias particip\u00f3 en un programa transmitido el 26 de enero de 2024 en el canal de televisi\u00f3n liban\u00e9s Al-Manar (Hezbollah).<\/em><\/p>\n<p><em>En este contexto, Elias se\u00f1al\u00f3 que las audiencias de la Corte Internacional de Justicia (CIJ) en La Haya prueban que los jud\u00edos modernos no tienen ninguna relaci\u00f3n con los jud\u00edos del pasado. Adem\u00e1s, dijo que dichas audiencias prueban que los jud\u00edos que viven hoy en Israel no son descendientes de aquellos que murieron en el Holocausto, \u201cincluso si es que sucedi\u00f3\u201d. <\/em><\/p>\n<p><em>Elias agreg\u00f3 que lo que los jud\u00edos est\u00e1n haciendo hoy es un mill\u00f3n de veces m\u00e1s horrible que el Holocausto. Tambi\u00e9n sostuvo que hay planes para crear una entidad jud\u00eda aut\u00f3noma en Ucrania, que servir\u00e1 como alternativa a &#8220;los asentamientos&#8221;. Elias a\u00f1adi\u00f3 que la CIJ prueba que Israel no fue creado para compensar a los jud\u00edos por el Holocausto, ya que los jud\u00edos de Hungr\u00eda y de Europa oriental, que fueron tra\u00eddos a Israel, no sufrieron el Holocausto, pero fueron enviados a Israel gracias a un acuerdo de posguerra entre el remanente de los nazis y los estadounidenses y brit\u00e1nicos.<\/em><\/p>\n","protected":false},"author":3,"featured_media":3733,"comment_status":"open","ping_status":"open","sticky":false,"template":"","format":"video","meta":{"footnotes":""},"categories":[2,18],"tags":[],"class_list":["post-3731","post","type-post","status-publish","format-video","has-post-thumbnail","hentry","category-featured","category-libano","post_format-post-format-video"],"_links":{"self":[{"href":"https:\/\/www2.memri.org\/espanol\/tv\/wp-json\/wp\/v2\/posts\/3731","targetHints":{"allow":["GET"]}}],"collection":[{"href":"https:\/\/www2.memri.org\/espanol\/tv\/wp-json\/wp\/v2\/posts"}],"about":[{"href":"https:\/\/www2.memri.org\/espanol\/tv\/wp-json\/wp\/v2\/types\/post"}],"author":[{"embeddable":true,"href":"https:\/\/www2.memri.org\/espanol\/tv\/wp-json\/wp\/v2\/users\/3"}],"replies":[{"embeddable":true,"href":"https:\/\/www2.memri.org\/espanol\/tv\/wp-json\/wp\/v2\/comments?post=3731"}],"version-history":[{"count":0,"href":"https:\/\/www2.memri.org\/espanol\/tv\/wp-json\/wp\/v2\/posts\/3731\/revisions"}],"wp:featuredmedia":[{"embeddable":true,"href":"https:\/\/www2.memri.org\/espanol\/tv\/wp-json\/wp\/v2\/media\/3733"}],"wp:attachment":[{"href":"https:\/\/www2.memri.org\/espanol\/tv\/wp-json\/wp\/v2\/media?parent=3731"}],"wp:term":[{"taxonomy":"category","embeddable":true,"href":"https:\/\/www2.memri.org\/espanol\/tv\/wp-json\/wp\/v2\/categories?post=3731"},{"taxonomy":"post_tag","embeddable":true,"href":"https:\/\/www2.memri.org\/espanol\/tv\/wp-json\/wp\/v2\/tags?post=3731"}],"curies":[{"name":"wp","href":"https:\/\/api.w.org\/{rel}","templated":true}]}}