{"id":3709,"date":"2024-02-06T12:54:04","date_gmt":"2024-02-06T10:54:04","guid":{"rendered":"https:\/\/www2.memri.org\/espanol\/tv\/?p=3709"},"modified":"2024-02-06T12:54:04","modified_gmt":"2024-02-06T10:54:04","slug":"imam-de-miami-fadi-kablawi-en-referencia-a-la-reaccion-violenta-luego-del-clip-de-memri-tv-los-delincuentes-llamaron-a-mi-oficina-con-amenazas-del-rio-al-mar-no-es-genocida-la-mayoria","status":"publish","type":"post","link":"https:\/\/www2.memri.org\/espanol\/tv\/2024\/02\/06\/imam-de-miami-fadi-kablawi-en-referencia-a-la-reaccion-violenta-luego-del-clip-de-memri-tv-los-delincuentes-llamaron-a-mi-oficina-con-amenazas-del-rio-al-mar-no-es-genocida-la-mayoria\/","title":{"rendered":"Imam de Miami Fadi Kablawi, en referencia a la reacci\u00f3n violenta luego del clip de MEMRI TV: \u201cLos delincuentes llamaron a mi oficina con amenazas; &#8216;Del r\u00edo al mar&#8217; no es genocida, la mayor\u00eda de ustedes tienen doble ciudadan\u00eda, de Polonia, Alemania, Nueva York, Texas, Aventura; Esta tierra le pertenece a Al\u00e1\u201d"},"content":{"rendered":"<p>[videopack id=&#8221;3713&#8243;]https:\/\/www2.memri.org\/espanol\/tv\/wp-content\/uploads\/2024\/02\/10852-ESP.mp4[\/videopack]<\/p>\n<p><em>El imam y dentista de Miami, Dr. Fadi Kablawi, pronunci\u00f3 un serm\u00f3n del viernes el 19 de enero de 2024 en Masjid As Sunnah An Nabawiyyah North Miami, que fue transmitido en vivo por Facebook.<\/em><\/p>\n<p><em>En la ocasi\u00f3n, Kablawi respondi\u00f3 a la reacci\u00f3n violenta a un serm\u00f3n en el que se refiri\u00f3 a &#8220;los jud\u00edos tir\u00e1nicos&#8221; (v\u00e9ase el clip No. 10728 de MEMRITV). Tambi\u00e9n se quej\u00f3 de que su oficina ha sido &#8220;golpeada&#8221; con llamadas telef\u00f3nicas amenazantes de &#8220;gente de mala vida&#8221; y que dejaron rese\u00f1as falsas en su portal y en Google. Kablawi dijo que &#8220;se est\u00e1n volviendo locos&#8221;, porque suplic\u00f3: &#8220;Oh Al\u00e1, destruye a los jud\u00edos tiranos&#8221;, pero que no tiene reparos en pedir la destrucci\u00f3n de los tiranos cristianos, hind\u00faes o musulmanes.<\/em><\/p>\n<p><em>M\u00e1s adelante en el serm\u00f3n, Kablawi dijo que est\u00e1 en contra de un alto al fuego entre Israel y los palestinos, que prevalecer\u00e1 la justicia y que terminar\u00e1 la ocupaci\u00f3n entre el r\u00edo y el mar. A continuaci\u00f3n explic\u00f3 que esto no es un llamado al genocidio porque la mayor\u00eda de los jud\u00edos tienen doble ciudadan\u00eda, de Polonia, Rumania, Alemania, as\u00ed como de Nueva York, Texas y Aventura (un suburbio de Miami, con una importante poblaci\u00f3n jud\u00eda). <\/em><\/p>\n<p><em>El orador sostuvo que la gente le dice que regrese al lugar de donde provino, pero que solo podr\u00e1 regresar si salen de su pa\u00eds. Kablawi se\u00f1al\u00f3 que por ahora Estados Unidos es su tierra, los sionistas y los estadounidenses no son due\u00f1os de ella, le pertenece a Al\u00e1. <\/em><\/p>\n","protected":false},"excerpt":{"rendered":"<p>[videopack id=&#8221;3713&#8243;]<\/p>\n<p><em>El imam y dentista de Miami, Dr. Fadi Kablawi, pronunci\u00f3 un serm\u00f3n del viernes el 19 de enero de 2024 en Masjid As Sunnah An Nabawiyyah North Miami, que fue transmitido en vivo por Facebook.<\/em><\/p>\n<p><em>En la ocasi\u00f3n, Kablawi respondi\u00f3 a la reacci\u00f3n violenta a un serm\u00f3n en el que se refiri\u00f3 a &#8220;los jud\u00edos tir\u00e1nicos&#8221; (v\u00e9ase el clip No. 10728 de MEMRITV). Tambi\u00e9n se quej\u00f3 de que su oficina ha sido &#8220;golpeada&#8221; con llamadas telef\u00f3nicas amenazantes de &#8220;gente de mala vida&#8221; y que dejaron rese\u00f1as falsas en su portal y en Google. Kablawi dijo que &#8220;se est\u00e1n volviendo locos&#8221;, porque suplic\u00f3: &#8220;Oh Al\u00e1, destruye a los jud\u00edos tiranos&#8221;, pero que no tiene reparos en pedir la destrucci\u00f3n de los tiranos cristianos, hind\u00faes o musulmanes.<\/em><\/p>\n<p><em>M\u00e1s adelante en el serm\u00f3n, Kablawi dijo que est\u00e1 en contra de un alto al fuego entre Israel y los palestinos, que prevalecer\u00e1 la justicia y que terminar\u00e1 la ocupaci\u00f3n entre el r\u00edo y el mar. A continuaci\u00f3n explic\u00f3 que esto no es un llamado al genocidio porque la mayor\u00eda de los jud\u00edos tienen doble ciudadan\u00eda, de Polonia, Rumania, Alemania, as\u00ed como de Nueva York, Texas y Aventura (un suburbio de Miami, con una importante poblaci\u00f3n jud\u00eda). <\/em><\/p>\n<p><em>El orador sostuvo que la gente le dice que regrese al lugar de donde provino, pero que solo podr\u00e1 regresar si salen de su pa\u00eds. Kablawi se\u00f1al\u00f3 que por ahora Estados Unidos es su tierra, los sionistas y los estadounidenses no son due\u00f1os de ella, le pertenece a Al\u00e1. <\/em><\/p>\n","protected":false},"author":3,"featured_media":3711,"comment_status":"open","ping_status":"open","sticky":false,"template":"","format":"video","meta":{"footnotes":""},"categories":[12,2],"tags":[],"class_list":["post-3709","post","type-post","status-publish","format-video","has-post-thumbnail","hentry","category-estados-unidos","category-featured","post_format-post-format-video"],"_links":{"self":[{"href":"https:\/\/www2.memri.org\/espanol\/tv\/wp-json\/wp\/v2\/posts\/3709","targetHints":{"allow":["GET"]}}],"collection":[{"href":"https:\/\/www2.memri.org\/espanol\/tv\/wp-json\/wp\/v2\/posts"}],"about":[{"href":"https:\/\/www2.memri.org\/espanol\/tv\/wp-json\/wp\/v2\/types\/post"}],"author":[{"embeddable":true,"href":"https:\/\/www2.memri.org\/espanol\/tv\/wp-json\/wp\/v2\/users\/3"}],"replies":[{"embeddable":true,"href":"https:\/\/www2.memri.org\/espanol\/tv\/wp-json\/wp\/v2\/comments?post=3709"}],"version-history":[{"count":0,"href":"https:\/\/www2.memri.org\/espanol\/tv\/wp-json\/wp\/v2\/posts\/3709\/revisions"}],"wp:featuredmedia":[{"embeddable":true,"href":"https:\/\/www2.memri.org\/espanol\/tv\/wp-json\/wp\/v2\/media\/3711"}],"wp:attachment":[{"href":"https:\/\/www2.memri.org\/espanol\/tv\/wp-json\/wp\/v2\/media?parent=3709"}],"wp:term":[{"taxonomy":"category","embeddable":true,"href":"https:\/\/www2.memri.org\/espanol\/tv\/wp-json\/wp\/v2\/categories?post=3709"},{"taxonomy":"post_tag","embeddable":true,"href":"https:\/\/www2.memri.org\/espanol\/tv\/wp-json\/wp\/v2\/tags?post=3709"}],"curies":[{"name":"wp","href":"https:\/\/api.w.org\/{rel}","templated":true}]}}