{"id":3601,"date":"2024-01-25T03:58:47","date_gmt":"2024-01-25T01:58:47","guid":{"rendered":"https:\/\/www2.memri.org\/espanol\/tv\/?p=3601"},"modified":"2024-01-25T03:58:47","modified_gmt":"2024-01-25T01:58:47","slug":"residentes-desplazados-de-gaza-realizan-manifestaciones-contra-hamas-sostienen-carteles-que-llaman-a-liberar-a-los-rehenes-israelies-y-cantan-el-pueblo-quiere-poner-fin-a-la-guerra-quer","status":"publish","type":"post","link":"https:\/\/www2.memri.org\/espanol\/tv\/2024\/01\/25\/residentes-desplazados-de-gaza-realizan-manifestaciones-contra-hamas-sostienen-carteles-que-llaman-a-liberar-a-los-rehenes-israelies-y-cantan-el-pueblo-quiere-poner-fin-a-la-guerra-quer\/","title":{"rendered":"Residentes desplazados de Gaza realizan manifestaciones contra Ham\u00e1s, sostienen carteles que llaman a liberar a los rehenes israel\u00edes y cantan: \u00a1El pueblo quiere poner fin a la guerra! \u00a1Queremos volver a casa!"},"content":{"rendered":"<p>[videopack id=&#8221;3604&#8243;]https:\/\/www2.memri.org\/espanol\/tv\/wp-content\/uploads\/2024\/01\/10827-ESP.mp4[\/videopack]<\/p>\n<p>El 24 de enero de 2024, varias fuentes en l\u00ednea publicaron videos de residentes desplazados de Gaza protestando contra Ham\u00e1s. Los manifestantes sosten\u00edan carteles que ped\u00edan la liberaci\u00f3n de los rehenes israel\u00edes en poder de Ham\u00e1s y gritaban: &#8220;\u00a1El pueblo quiere poner fin a la guerra!&#8221; y &#8220;Queremos ir a nuestras casas&#8221;. Una mujer dijo que el pueblo de Gaza es v\u00edctima de la guerra y no Ham\u00e1s. La manifestaci\u00f3n tuvo lugar cerca del Hospital de los M\u00e1rtires de Al-Aqsa en Deir Al-Balah.<\/p>\n<p>&nbsp;<\/p>\n","protected":false},"excerpt":{"rendered":"<p>[videopack id=&#8221;3604&#8243;]<\/p>\n<p>El 24 de enero de 2024, varias fuentes en l\u00ednea publicaron videos de residentes desplazados de Gaza protestando contra Ham\u00e1s. Los manifestantes sosten\u00edan carteles que ped\u00edan la liberaci\u00f3n de los rehenes israel\u00edes en poder de Ham\u00e1s y gritaban: &#8220;\u00a1El pueblo quiere poner fin a la guerra!&#8221; y &#8220;Queremos ir a nuestras casas&#8221;. Una mujer dijo que el pueblo de Gaza es v\u00edctima de la guerra y no Ham\u00e1s. La manifestaci\u00f3n tuvo lugar cerca del Hospital de los M\u00e1rtires de Al-Aqsa en Deir Al-Balah.<\/p>\n<p>&nbsp;<\/p>\n","protected":false},"author":3,"featured_media":3603,"comment_status":"open","ping_status":"open","sticky":false,"template":"","format":"video","meta":{"footnotes":""},"categories":[2,611],"tags":[],"class_list":["post-3601","post","type-post","status-publish","format-video","has-post-thumbnail","hentry","category-featured","category-hamas-2","post_format-post-format-video"],"_links":{"self":[{"href":"https:\/\/www2.memri.org\/espanol\/tv\/wp-json\/wp\/v2\/posts\/3601","targetHints":{"allow":["GET"]}}],"collection":[{"href":"https:\/\/www2.memri.org\/espanol\/tv\/wp-json\/wp\/v2\/posts"}],"about":[{"href":"https:\/\/www2.memri.org\/espanol\/tv\/wp-json\/wp\/v2\/types\/post"}],"author":[{"embeddable":true,"href":"https:\/\/www2.memri.org\/espanol\/tv\/wp-json\/wp\/v2\/users\/3"}],"replies":[{"embeddable":true,"href":"https:\/\/www2.memri.org\/espanol\/tv\/wp-json\/wp\/v2\/comments?post=3601"}],"version-history":[{"count":0,"href":"https:\/\/www2.memri.org\/espanol\/tv\/wp-json\/wp\/v2\/posts\/3601\/revisions"}],"wp:featuredmedia":[{"embeddable":true,"href":"https:\/\/www2.memri.org\/espanol\/tv\/wp-json\/wp\/v2\/media\/3603"}],"wp:attachment":[{"href":"https:\/\/www2.memri.org\/espanol\/tv\/wp-json\/wp\/v2\/media?parent=3601"}],"wp:term":[{"taxonomy":"category","embeddable":true,"href":"https:\/\/www2.memri.org\/espanol\/tv\/wp-json\/wp\/v2\/categories?post=3601"},{"taxonomy":"post_tag","embeddable":true,"href":"https:\/\/www2.memri.org\/espanol\/tv\/wp-json\/wp\/v2\/tags?post=3601"}],"curies":[{"name":"wp","href":"https:\/\/api.w.org\/{rel}","templated":true}]}}