{"id":3597,"date":"2024-01-24T07:56:38","date_gmt":"2024-01-24T05:56:38","guid":{"rendered":"https:\/\/www2.memri.org\/espanol\/tv\/?p=3597"},"modified":"2024-01-24T07:56:38","modified_gmt":"2024-01-24T05:56:38","slug":"escritor-libanes-jamal-fayad-los-judios-mintieron-sobre-como-hitler-incinero-a-algunos-de-ellos-europa-habla-de-libertad-de-expresion-pero-roger-garaudy-fue-enviado-a-prision-por-dudar-del","status":"publish","type":"post","link":"https:\/\/www2.memri.org\/espanol\/tv\/2024\/01\/24\/escritor-libanes-jamal-fayad-los-judios-mintieron-sobre-como-hitler-incinero-a-algunos-de-ellos-europa-habla-de-libertad-de-expresion-pero-roger-garaudy-fue-enviado-a-prision-por-dudar-del\/","title":{"rendered":"Escritor liban\u00e9s Jamal Fayad: \u201cLos jud\u00edos mintieron sobre c\u00f3mo Hitler inciner\u00f3 a algunos de ellos; Europa habla de libertad de expresi\u00f3n, pero Roger Garaudy fue enviado a prisi\u00f3n por dudar del alcance del Holocausto\u201d"},"content":{"rendered":"<p>[videopack id=&#8221;3600&#8243;]https:\/\/www2.memri.org\/espanol\/tv\/wp-content\/uploads\/2024\/01\/10826-ESP.mp4[\/videopack]<\/p>\n<p><em>El escritor y cr\u00edtico literario liban\u00e9s Jamal Fayad particip\u00f3 en un programa transmitido el 15 de enero de 2024 en el canal de la televisi\u00f3n libanesa OTV.<\/em><\/p>\n<p><em>En este contexto, Fayad sostuvo que los jud\u00edos mienten acerca de c\u00f3mo &#8220;Hitler inciner\u00f3 a algunos de ellos&#8221;. En este sentido, dijo que Europa habla de libertad de expresi\u00f3n, pero el negador franc\u00e9s del Holocausto, Roger Garaudy, fue enviado a prisi\u00f3n por dudar del alcance del Holocausto. <\/em><\/p>\n<p><em>Fayad afirm\u00f3 tambi\u00e9n que Garaudy &#8220;no invent\u00f3 nada y no dijo que lo vio en su sue\u00f1o&#8221;, pero era un erudito y contaba con datos. <\/em><\/p>\n","protected":false},"excerpt":{"rendered":"<p>[videopack id=&#8221;3600&#8243;]<\/p>\n<p><em>El escritor y cr\u00edtico literario liban\u00e9s Jamal Fayad particip\u00f3 en un programa transmitido el 15 de enero de 2024 en el canal de la televisi\u00f3n libanesa OTV.<\/em><\/p>\n<p><em>En este contexto, Fayad sostuvo que los jud\u00edos mienten acerca de c\u00f3mo &#8220;Hitler inciner\u00f3 a algunos de ellos&#8221;. En este sentido, dijo que Europa habla de libertad de expresi\u00f3n, pero el negador franc\u00e9s del Holocausto, Roger Garaudy, fue enviado a prisi\u00f3n por dudar del alcance del Holocausto. <\/em><\/p>\n<p><em>Fayad afirm\u00f3 tambi\u00e9n que Garaudy &#8220;no invent\u00f3 nada y no dijo que lo vio en su sue\u00f1o&#8221;, pero era un erudito y contaba con datos. <\/em><\/p>\n","protected":false},"author":3,"featured_media":3599,"comment_status":"open","ping_status":"open","sticky":false,"template":"","format":"video","meta":{"footnotes":""},"categories":[2,18],"tags":[],"class_list":["post-3597","post","type-post","status-publish","format-video","has-post-thumbnail","hentry","category-featured","category-libano","post_format-post-format-video"],"_links":{"self":[{"href":"https:\/\/www2.memri.org\/espanol\/tv\/wp-json\/wp\/v2\/posts\/3597","targetHints":{"allow":["GET"]}}],"collection":[{"href":"https:\/\/www2.memri.org\/espanol\/tv\/wp-json\/wp\/v2\/posts"}],"about":[{"href":"https:\/\/www2.memri.org\/espanol\/tv\/wp-json\/wp\/v2\/types\/post"}],"author":[{"embeddable":true,"href":"https:\/\/www2.memri.org\/espanol\/tv\/wp-json\/wp\/v2\/users\/3"}],"replies":[{"embeddable":true,"href":"https:\/\/www2.memri.org\/espanol\/tv\/wp-json\/wp\/v2\/comments?post=3597"}],"version-history":[{"count":0,"href":"https:\/\/www2.memri.org\/espanol\/tv\/wp-json\/wp\/v2\/posts\/3597\/revisions"}],"wp:featuredmedia":[{"embeddable":true,"href":"https:\/\/www2.memri.org\/espanol\/tv\/wp-json\/wp\/v2\/media\/3599"}],"wp:attachment":[{"href":"https:\/\/www2.memri.org\/espanol\/tv\/wp-json\/wp\/v2\/media?parent=3597"}],"wp:term":[{"taxonomy":"category","embeddable":true,"href":"https:\/\/www2.memri.org\/espanol\/tv\/wp-json\/wp\/v2\/categories?post=3597"},{"taxonomy":"post_tag","embeddable":true,"href":"https:\/\/www2.memri.org\/espanol\/tv\/wp-json\/wp\/v2\/tags?post=3597"}],"curies":[{"name":"wp","href":"https:\/\/api.w.org\/{rel}","templated":true}]}}