{"id":3589,"date":"2024-01-24T07:10:12","date_gmt":"2024-01-24T05:10:12","guid":{"rendered":"https:\/\/www2.memri.org\/espanol\/tv\/?p=3589"},"modified":"2024-01-24T07:10:12","modified_gmt":"2024-01-24T05:10:12","slug":"embajador-irani-en-el-libano-mojtaba-amani-si-irak-pakistan-o-cualquier-otro-pais-no-pueden-lidiar-con-los-terroristas-que-socavan-la-seguridad-de-iran-nosotros-los-ayudaremos-a-hacerlo-no-nos-q","status":"publish","type":"post","link":"https:\/\/www2.memri.org\/espanol\/tv\/2024\/01\/24\/embajador-irani-en-el-libano-mojtaba-amani-si-irak-pakistan-o-cualquier-otro-pais-no-pueden-lidiar-con-los-terroristas-que-socavan-la-seguridad-de-iran-nosotros-los-ayudaremos-a-hacerlo-no-nos-q\/","title":{"rendered":"Embajador iran\u00ed en el L\u00edbano Mojtaba Amani: &#8216;Si Irak, Pakist\u00e1n o cualquier otro pa\u00eds no pueden lidiar con los terroristas que socavan la seguridad de Ir\u00e1n, nosotros los ayudaremos a hacerlo; No nos quedaremos de brazos cruzados&#8217;"},"content":{"rendered":"<p>[videopack id=&#8221;3592&#8243;]https:\/\/www2.memri.org\/espanol\/tv\/wp-content\/uploads\/2024\/01\/10824-ESP.mp4[\/videopack]<\/p>\n<p><em>El embajador iran\u00ed en el L\u00edbano, Mojtaba Amani, particip\u00f3 en un programa transmitido el 17 de enero de 2024 en el canal de televisi\u00f3n liban\u00e9s OTV.<\/em><\/p>\n<p><em>Amani advirti\u00f3 que su pa\u00eds no se &#8220;quedar\u00e1 de brazos cruzados&#8221; mientras los terroristas socavan la seguridad de Ir\u00e1n desde dentro de Irak, Pakist\u00e1n o de cualquier otro pa\u00eds. Tambi\u00e9n dijo que, si estos pa\u00edses no pueden hacerse cargo de los grupos terroristas, Ir\u00e1n los ayudar\u00e1 a hacerlo. <\/em><\/p>\n","protected":false},"excerpt":{"rendered":"<p>[videopack id=&#8221;3592&#8243;]<\/p>\n<p><em>El embajador iran\u00ed en el L\u00edbano, Mojtaba Amani, particip\u00f3 en un programa transmitido el 17 de enero de 2024 en el canal de televisi\u00f3n liban\u00e9s OTV.<\/em><\/p>\n<p><em>Amani advirti\u00f3 que su pa\u00eds no se &#8220;quedar\u00e1 de brazos cruzados&#8221; mientras los terroristas socavan la seguridad de Ir\u00e1n desde dentro de Irak, Pakist\u00e1n o de cualquier otro pa\u00eds. Tambi\u00e9n dijo que, si estos pa\u00edses no pueden hacerse cargo de los grupos terroristas, Ir\u00e1n los ayudar\u00e1 a hacerlo. <\/em><\/p>\n","protected":false},"author":3,"featured_media":3591,"comment_status":"open","ping_status":"open","sticky":false,"template":"","format":"video","meta":{"footnotes":""},"categories":[2,18],"tags":[],"class_list":["post-3589","post","type-post","status-publish","format-video","has-post-thumbnail","hentry","category-featured","category-libano","post_format-post-format-video"],"_links":{"self":[{"href":"https:\/\/www2.memri.org\/espanol\/tv\/wp-json\/wp\/v2\/posts\/3589","targetHints":{"allow":["GET"]}}],"collection":[{"href":"https:\/\/www2.memri.org\/espanol\/tv\/wp-json\/wp\/v2\/posts"}],"about":[{"href":"https:\/\/www2.memri.org\/espanol\/tv\/wp-json\/wp\/v2\/types\/post"}],"author":[{"embeddable":true,"href":"https:\/\/www2.memri.org\/espanol\/tv\/wp-json\/wp\/v2\/users\/3"}],"replies":[{"embeddable":true,"href":"https:\/\/www2.memri.org\/espanol\/tv\/wp-json\/wp\/v2\/comments?post=3589"}],"version-history":[{"count":0,"href":"https:\/\/www2.memri.org\/espanol\/tv\/wp-json\/wp\/v2\/posts\/3589\/revisions"}],"wp:featuredmedia":[{"embeddable":true,"href":"https:\/\/www2.memri.org\/espanol\/tv\/wp-json\/wp\/v2\/media\/3591"}],"wp:attachment":[{"href":"https:\/\/www2.memri.org\/espanol\/tv\/wp-json\/wp\/v2\/media?parent=3589"}],"wp:term":[{"taxonomy":"category","embeddable":true,"href":"https:\/\/www2.memri.org\/espanol\/tv\/wp-json\/wp\/v2\/categories?post=3589"},{"taxonomy":"post_tag","embeddable":true,"href":"https:\/\/www2.memri.org\/espanol\/tv\/wp-json\/wp\/v2\/tags?post=3589"}],"curies":[{"name":"wp","href":"https:\/\/api.w.org\/{rel}","templated":true}]}}