{"id":3534,"date":"2024-01-21T05:34:55","date_gmt":"2024-01-21T03:34:55","guid":{"rendered":"https:\/\/www2.memri.org\/espanol\/tv\/?p=3534"},"modified":"2024-01-21T05:34:55","modified_gmt":"2024-01-21T03:34:55","slug":"ex-miembro-del-gabinete-libanes-marwan-charbel-los-palestinos-deberian-regresar-a-su-tierra-y-los-judios-deberian-regresar-a-las-tierras-de-donde-vinieron-los-judios-controlan-economicament","status":"publish","type":"post","link":"https:\/\/www2.memri.org\/espanol\/tv\/2024\/01\/21\/ex-miembro-del-gabinete-libanes-marwan-charbel-los-palestinos-deberian-regresar-a-su-tierra-y-los-judios-deberian-regresar-a-las-tierras-de-donde-vinieron-los-judios-controlan-economicament\/","title":{"rendered":"Ex-miembro del gabinete liban\u00e9s Marwan Charbel: \u201cLos palestinos deber\u00edan regresar a su tierra y los jud\u00edos deber\u00edan regresar a las tierras de donde vinieron; Los jud\u00edos controlan econ\u00f3micamente el mundo; El billete de un d\u00f3lar tiene una estrella de David\u201d"},"content":{"rendered":"<p>[videopack id=&#8221;3538&#8243;]https:\/\/www2.memri.org\/espanol\/tv\/wp-content\/uploads\/2024\/01\/10811-ESP.mp4[\/videopack]<\/p>\n<p><em>El ex-ministro del Interior liban\u00e9s Marwan Charbel fue entrevistado el 8 de enero de 2024 en el canal de televisi\u00f3n liban\u00e9s NBN. Charbel afirm\u00f3 que los palestinos deber\u00edan regresar a su tierra y los jud\u00edos deber\u00edan regresar a las tierras de donde vinieron. El ex ministro declar\u00f3 que los jud\u00edos controlan el mundo &#8220;econ\u00f3micamente&#8221; y que el billete de un d\u00f3lar siempre tuvo una estrella de David. <\/em><\/p>\n<p><em>Charbel dijo adem\u00e1s que la guerra con Israel ser\u00eda &#8220;muy dolorosa&#8221; para el L\u00edbano y su pueblo, pero en tal caso, objetivos estrat\u00e9gicos israel\u00edes tales como el dep\u00f3sito de gas de Karish, el reactor nuclear de Dimona y los aeropuertos israel\u00edes ser\u00edan todos atacados. <\/em><\/p>\n","protected":false},"excerpt":{"rendered":"<p>[videopack id=&#8221;3538&#8243;]<\/p>\n<p><em>El ex-ministro del Interior liban\u00e9s Marwan Charbel fue entrevistado el 8 de enero de 2024 en el canal de televisi\u00f3n liban\u00e9s NBN. Charbel afirm\u00f3 que los palestinos deber\u00edan regresar a su tierra y los jud\u00edos deber\u00edan regresar a las tierras de donde vinieron. El ex ministro declar\u00f3 que los jud\u00edos controlan el mundo &#8220;econ\u00f3micamente&#8221; y que el billete de un d\u00f3lar siempre tuvo una estrella de David. <\/em><\/p>\n<p><em>Charbel dijo adem\u00e1s que la guerra con Israel ser\u00eda &#8220;muy dolorosa&#8221; para el L\u00edbano y su pueblo, pero en tal caso, objetivos estrat\u00e9gicos israel\u00edes tales como el dep\u00f3sito de gas de Karish, el reactor nuclear de Dimona y los aeropuertos israel\u00edes ser\u00edan todos atacados. <\/em><\/p>\n","protected":false},"author":3,"featured_media":3536,"comment_status":"open","ping_status":"open","sticky":false,"template":"","format":"video","meta":{"footnotes":""},"categories":[2,18],"tags":[],"class_list":["post-3534","post","type-post","status-publish","format-video","has-post-thumbnail","hentry","category-featured","category-libano","post_format-post-format-video"],"_links":{"self":[{"href":"https:\/\/www2.memri.org\/espanol\/tv\/wp-json\/wp\/v2\/posts\/3534","targetHints":{"allow":["GET"]}}],"collection":[{"href":"https:\/\/www2.memri.org\/espanol\/tv\/wp-json\/wp\/v2\/posts"}],"about":[{"href":"https:\/\/www2.memri.org\/espanol\/tv\/wp-json\/wp\/v2\/types\/post"}],"author":[{"embeddable":true,"href":"https:\/\/www2.memri.org\/espanol\/tv\/wp-json\/wp\/v2\/users\/3"}],"replies":[{"embeddable":true,"href":"https:\/\/www2.memri.org\/espanol\/tv\/wp-json\/wp\/v2\/comments?post=3534"}],"version-history":[{"count":0,"href":"https:\/\/www2.memri.org\/espanol\/tv\/wp-json\/wp\/v2\/posts\/3534\/revisions"}],"wp:featuredmedia":[{"embeddable":true,"href":"https:\/\/www2.memri.org\/espanol\/tv\/wp-json\/wp\/v2\/media\/3536"}],"wp:attachment":[{"href":"https:\/\/www2.memri.org\/espanol\/tv\/wp-json\/wp\/v2\/media?parent=3534"}],"wp:term":[{"taxonomy":"category","embeddable":true,"href":"https:\/\/www2.memri.org\/espanol\/tv\/wp-json\/wp\/v2\/categories?post=3534"},{"taxonomy":"post_tag","embeddable":true,"href":"https:\/\/www2.memri.org\/espanol\/tv\/wp-json\/wp\/v2\/tags?post=3534"}],"curies":[{"name":"wp","href":"https:\/\/api.w.org\/{rel}","templated":true}]}}