{"id":3467,"date":"2024-01-16T08:43:10","date_gmt":"2024-01-16T06:43:10","guid":{"rendered":"https:\/\/www2.memri.org\/espanol\/tv\/?p=3467"},"modified":"2024-01-16T08:52:28","modified_gmt":"2024-01-16T06:52:28","slug":"portavoz-de-las-brigadas-iraquies-de-hezbollah-jaafar-al-husseini-hemos-atacado-bases-estadounidenses-en-irak-y-siria-y-objetivos-vitales-en-israel-la-proxima-etapa-podria-incluir-a-los-p","status":"publish","type":"post","link":"https:\/\/www2.memri.org\/espanol\/tv\/2024\/01\/16\/portavoz-de-las-brigadas-iraquies-de-hezbollah-jaafar-al-husseini-hemos-atacado-bases-estadounidenses-en-irak-y-siria-y-objetivos-vitales-en-israel-la-proxima-etapa-podria-incluir-a-los-p\/","title":{"rendered":"Portavoz de las Brigadas iraqu\u00edes de Hezbollah, Jaafar Al-Husseini: \u201cHemos atacado bases estadounidenses en Irak y Siria, y objetivos vitales en Israel; la pr\u00f3xima etapa podr\u00eda incluir a los pa\u00edses del Golfo; El Eje de la Resistencia se expandir\u00e1 hacia el este de Asia y el C\u00e1ucaso en la pr\u00f3xima d\u00e9cada\u201d"},"content":{"rendered":"<p>[videopack id=&#8221;3471&#8243;]https:\/\/www2.memri.org\/espanol\/tv\/wp-content\/uploads\/2024\/01\/10796-ESP.mp4[\/videopack]<\/p>\n<p><em>El portavoz de las Brigadas iraqu\u00edes de Hezbollah, Jaafar Al-Husseini, fue entrevistado el 9 de enero de 2024 en el canal de televisi\u00f3n liban\u00e9s Mayadeen.<\/em><\/p>\n<p><em>Al-Husseini detall\u00f3 la escala de las operaciones de la &#8220;resistencia iraqu\u00ed&#8221; contra objetivos israel\u00edes y estadounidenses. Al-Husseini dijo que sus operaciones se intensificaron durante el per\u00edodo posterior al ataque del 7 de octubre y que la pr\u00f3xima etapa podr\u00eda incluir a los pa\u00edses del Golfo. <\/em><\/p>\n<p><em>Tambi\u00e9n dijo que han atacado bases estadounidenses en Irak y Siria, as\u00ed como &#8220;objetivos vitales&#8221; en Israel, utilizando veh\u00edculos a\u00e9reos no-tripulados, misiles bal\u00edsticos de corto y largo alcance y misiles crucero. Al-Husseini dijo que las represalias por un ataque estadounidense contra los hut\u00edes en Yemen les provocar\u00e1n &#8220;pesadillas que los perseguir\u00e1n por siempre&#8221;. <\/em><\/p>\n","protected":false},"excerpt":{"rendered":"<p>[videopack id=&#8221;3471&#8243;]<\/p>\n<p><em>El portavoz de las Brigadas iraqu\u00edes de Hezbollah, Jaafar Al-Husseini, fue entrevistado el 9 de enero de 2024 en el canal de televisi\u00f3n liban\u00e9s Mayadeen.<\/em><\/p>\n<p><em>Al-Husseini detall\u00f3 la escala de las operaciones de la &#8220;resistencia iraqu\u00ed&#8221; contra objetivos israel\u00edes y estadounidenses. Al-Husseini dijo que sus operaciones se intensificaron durante el per\u00edodo posterior al ataque del 7 de octubre y que la pr\u00f3xima etapa podr\u00eda incluir a los pa\u00edses del Golfo. <\/em><\/p>\n<p><em>Tambi\u00e9n dijo que han atacado bases estadounidenses en Irak y Siria, as\u00ed como &#8220;objetivos vitales&#8221; en Israel, utilizando veh\u00edculos a\u00e9reos no-tripulados, misiles bal\u00edsticos de corto y largo alcance y misiles crucero. Al-Husseini dijo que las represalias por un ataque estadounidense contra los hut\u00edes en Yemen les provocar\u00e1n &#8220;pesadillas que los perseguir\u00e1n por siempre&#8221;. <\/em><\/p>\n","protected":false},"author":3,"featured_media":3477,"comment_status":"open","ping_status":"open","sticky":false,"template":"","format":"video","meta":{"footnotes":""},"categories":[2,18],"tags":[],"class_list":["post-3467","post","type-post","status-publish","format-video","has-post-thumbnail","hentry","category-featured","category-libano","post_format-post-format-video"],"_links":{"self":[{"href":"https:\/\/www2.memri.org\/espanol\/tv\/wp-json\/wp\/v2\/posts\/3467","targetHints":{"allow":["GET"]}}],"collection":[{"href":"https:\/\/www2.memri.org\/espanol\/tv\/wp-json\/wp\/v2\/posts"}],"about":[{"href":"https:\/\/www2.memri.org\/espanol\/tv\/wp-json\/wp\/v2\/types\/post"}],"author":[{"embeddable":true,"href":"https:\/\/www2.memri.org\/espanol\/tv\/wp-json\/wp\/v2\/users\/3"}],"replies":[{"embeddable":true,"href":"https:\/\/www2.memri.org\/espanol\/tv\/wp-json\/wp\/v2\/comments?post=3467"}],"version-history":[{"count":0,"href":"https:\/\/www2.memri.org\/espanol\/tv\/wp-json\/wp\/v2\/posts\/3467\/revisions"}],"wp:featuredmedia":[{"embeddable":true,"href":"https:\/\/www2.memri.org\/espanol\/tv\/wp-json\/wp\/v2\/media\/3477"}],"wp:attachment":[{"href":"https:\/\/www2.memri.org\/espanol\/tv\/wp-json\/wp\/v2\/media?parent=3467"}],"wp:term":[{"taxonomy":"category","embeddable":true,"href":"https:\/\/www2.memri.org\/espanol\/tv\/wp-json\/wp\/v2\/categories?post=3467"},{"taxonomy":"post_tag","embeddable":true,"href":"https:\/\/www2.memri.org\/espanol\/tv\/wp-json\/wp\/v2\/tags?post=3467"}],"curies":[{"name":"wp","href":"https:\/\/api.w.org\/{rel}","templated":true}]}}