{"id":3425,"date":"2024-01-10T20:40:47","date_gmt":"2024-01-10T18:40:47","guid":{"rendered":"https:\/\/www2.memri.org\/espanol\/tv\/?p=3425"},"modified":"2024-01-10T20:40:47","modified_gmt":"2024-01-10T18:40:47","slug":"activista-libanes-pro-federalismo-alfred-riachi-los-lideres-de-hamas-deberian-ser-expulsados-del-libano-por-que-estan-aqui-ponen-en-peligro-la-seguridad-del-libano-y-la-de-sus-ciudad","status":"publish","type":"post","link":"https:\/\/www2.memri.org\/espanol\/tv\/2024\/01\/10\/activista-libanes-pro-federalismo-alfred-riachi-los-lideres-de-hamas-deberian-ser-expulsados-del-libano-por-que-estan-aqui-ponen-en-peligro-la-seguridad-del-libano-y-la-de-sus-ciudad\/","title":{"rendered":"Activista liban\u00e9s pro-federalismo Alfred Riachi: \u201cLos l\u00edderes de Ham\u00e1s deber\u00edan ser expulsados del L\u00edbano; \u00bfPor qu\u00e9 est\u00e1n aqu\u00ed? Ponen en peligro la seguridad del L\u00edbano y la de sus ciudadanos\u201d"},"content":{"rendered":"<p>[videopack id=&#8221;3429&#8243;]https:\/\/www2.memri.org\/espanol\/tv\/wp-content\/uploads\/2024\/01\/10787-ESP.mp4[\/videopack]<\/p>\n<p><em>El lobbista liban\u00e9s Alfred Riachi, secretario general del Congreso Federal Continuo, fue entrevistado el 3 de enero de 2024 con Lebanon On en (YouTube).<\/em><\/p>\n<p><em>Riachi declar\u00f3 que denuncia cualquier operaci\u00f3n militar o de inteligencia que viole la soberan\u00eda del L\u00edbano. Cuando la entrevistadora le pregunt\u00f3 sobre un tuit de la coordinadora general de su organizaci\u00f3n llamando a expulsar a los l\u00edderes de Ham\u00e1s del L\u00edbano, dijo que no entiende qu\u00e9 est\u00e1n haciendo &#8220;estas personas&#8221; en el pa\u00eds. Riachi se\u00f1al\u00f3 tambi\u00e9n que su presencia en el L\u00edbano pone en peligro la seguridad del pa\u00eds y la de sus ciudadanos. <\/em><\/p>\n","protected":false},"excerpt":{"rendered":"<p>[videopack id=&#8221;3429&#8243;]<\/p>\n<p><em>El lobbista liban\u00e9s Alfred Riachi, secretario general del Congreso Federal Continuo, fue entrevistado el 3 de enero de 2024 con Lebanon On en (YouTube).<\/em><\/p>\n<p><em>Riachi declar\u00f3 que denuncia cualquier operaci\u00f3n militar o de inteligencia que viole la soberan\u00eda del L\u00edbano. Cuando la entrevistadora le pregunt\u00f3 sobre un tuit de la coordinadora general de su organizaci\u00f3n llamando a expulsar a los l\u00edderes de Ham\u00e1s del L\u00edbano, dijo que no entiende qu\u00e9 est\u00e1n haciendo &#8220;estas personas&#8221; en el pa\u00eds. Riachi se\u00f1al\u00f3 tambi\u00e9n que su presencia en el L\u00edbano pone en peligro la seguridad del pa\u00eds y la de sus ciudadanos. <\/em><\/p>\n","protected":false},"author":3,"featured_media":3427,"comment_status":"open","ping_status":"open","sticky":false,"template":"","format":"video","meta":{"footnotes":""},"categories":[2,18],"tags":[],"class_list":["post-3425","post","type-post","status-publish","format-video","has-post-thumbnail","hentry","category-featured","category-libano","post_format-post-format-video"],"_links":{"self":[{"href":"https:\/\/www2.memri.org\/espanol\/tv\/wp-json\/wp\/v2\/posts\/3425","targetHints":{"allow":["GET"]}}],"collection":[{"href":"https:\/\/www2.memri.org\/espanol\/tv\/wp-json\/wp\/v2\/posts"}],"about":[{"href":"https:\/\/www2.memri.org\/espanol\/tv\/wp-json\/wp\/v2\/types\/post"}],"author":[{"embeddable":true,"href":"https:\/\/www2.memri.org\/espanol\/tv\/wp-json\/wp\/v2\/users\/3"}],"replies":[{"embeddable":true,"href":"https:\/\/www2.memri.org\/espanol\/tv\/wp-json\/wp\/v2\/comments?post=3425"}],"version-history":[{"count":0,"href":"https:\/\/www2.memri.org\/espanol\/tv\/wp-json\/wp\/v2\/posts\/3425\/revisions"}],"wp:featuredmedia":[{"embeddable":true,"href":"https:\/\/www2.memri.org\/espanol\/tv\/wp-json\/wp\/v2\/media\/3427"}],"wp:attachment":[{"href":"https:\/\/www2.memri.org\/espanol\/tv\/wp-json\/wp\/v2\/media?parent=3425"}],"wp:term":[{"taxonomy":"category","embeddable":true,"href":"https:\/\/www2.memri.org\/espanol\/tv\/wp-json\/wp\/v2\/categories?post=3425"},{"taxonomy":"post_tag","embeddable":true,"href":"https:\/\/www2.memri.org\/espanol\/tv\/wp-json\/wp\/v2\/tags?post=3425"}],"curies":[{"name":"wp","href":"https:\/\/api.w.org\/{rel}","templated":true}]}}