{"id":3420,"date":"2024-01-10T19:44:02","date_gmt":"2024-01-10T17:44:02","guid":{"rendered":"https:\/\/www2.memri.org\/espanol\/tv\/?p=3420"},"modified":"2024-01-10T19:44:02","modified_gmt":"2024-01-10T17:44:02","slug":"alto-funcionario-de-hamas-sami-abu-zuhri-si-occidente-y-estados-unidos-continuan-apoyando-a-israel-nuestra-nacion-los-vera-como-enemigos-este-conflicto-podria-ir-mas-alla-de-las-fronteras","status":"publish","type":"post","link":"https:\/\/www2.memri.org\/espanol\/tv\/2024\/01\/10\/alto-funcionario-de-hamas-sami-abu-zuhri-si-occidente-y-estados-unidos-continuan-apoyando-a-israel-nuestra-nacion-los-vera-como-enemigos-este-conflicto-podria-ir-mas-alla-de-las-fronteras\/","title":{"rendered":"Alto funcionario de Ham\u00e1s Sami Abu Zuhri: \u201cSi Occidente y Estados Unidos contin\u00faan apoyando a Israel, nuestra naci\u00f3n los ver\u00e1 como enemigos; Este conflicto podr\u00eda ir m\u00e1s all\u00e1 de las fronteras de Palestina\u201d"},"content":{"rendered":"<p>[videopack id=&#8221;3424&#8243;]https:\/\/www2.memri.org\/espanol\/tv\/wp-content\/uploads\/2024\/01\/10786-ESP.mp4[\/videopack]<\/p>\n<p><em>Sami Abu Zuhri, jefe de la oficina pol\u00edtica de Ham\u00e1s en el extranjero, particip\u00f3 en una transmisi\u00f3n realizada el 5 de enero de 2024 en la cadena Al-Jazeera (Qatar).<\/em><\/p>\n<p><em>Abu Zuhri advirti\u00f3 que Occidente y Estados Unidos deben reconsiderar su postura respecto a Israel. Tambi\u00e9n declar\u00f3 que, si no dejan de apoyar a Israel, Ham\u00e1s los considerar\u00e1 enemigos al igual que la &#8220;ocupaci\u00f3n sionista&#8221;. <\/em><\/p>\n<p><em>Abu Zuhri dijo que el conflicto continuar\u00e1 mientras exista ocupaci\u00f3n, y que, si Estados Unidos contin\u00faa con la misma pol\u00edtica, &#8220;este conflicto podr\u00eda ir m\u00e1s all\u00e1 de las fronteras de Palestina y ampliar su alcance&#8221;. <\/em><\/p>\n","protected":false},"excerpt":{"rendered":"<p>[videopack id=&#8221;3424&#8243;]<\/p>\n<p><em>Sami Abu Zuhri, jefe de la oficina pol\u00edtica de Ham\u00e1s en el extranjero, particip\u00f3 en una transmisi\u00f3n realizada el 5 de enero de 2024 en la cadena Al-Jazeera (Qatar).<\/em><\/p>\n<p><em>Abu Zuhri advirti\u00f3 que Occidente y Estados Unidos deben reconsiderar su postura respecto a Israel. Tambi\u00e9n declar\u00f3 que, si no dejan de apoyar a Israel, Ham\u00e1s los considerar\u00e1 enemigos al igual que la &#8220;ocupaci\u00f3n sionista&#8221;. <\/em><\/p>\n<p><em>Abu Zuhri dijo que el conflicto continuar\u00e1 mientras exista ocupaci\u00f3n, y que, si Estados Unidos contin\u00faa con la misma pol\u00edtica, &#8220;este conflicto podr\u00eda ir m\u00e1s all\u00e1 de las fronteras de Palestina y ampliar su alcance&#8221;. <\/em><\/p>\n","protected":false},"author":3,"featured_media":3422,"comment_status":"open","ping_status":"open","sticky":false,"template":"","format":"video","meta":{"footnotes":""},"categories":[2,611],"tags":[],"class_list":["post-3420","post","type-post","status-publish","format-video","has-post-thumbnail","hentry","category-featured","category-hamas-2","post_format-post-format-video"],"_links":{"self":[{"href":"https:\/\/www2.memri.org\/espanol\/tv\/wp-json\/wp\/v2\/posts\/3420","targetHints":{"allow":["GET"]}}],"collection":[{"href":"https:\/\/www2.memri.org\/espanol\/tv\/wp-json\/wp\/v2\/posts"}],"about":[{"href":"https:\/\/www2.memri.org\/espanol\/tv\/wp-json\/wp\/v2\/types\/post"}],"author":[{"embeddable":true,"href":"https:\/\/www2.memri.org\/espanol\/tv\/wp-json\/wp\/v2\/users\/3"}],"replies":[{"embeddable":true,"href":"https:\/\/www2.memri.org\/espanol\/tv\/wp-json\/wp\/v2\/comments?post=3420"}],"version-history":[{"count":0,"href":"https:\/\/www2.memri.org\/espanol\/tv\/wp-json\/wp\/v2\/posts\/3420\/revisions"}],"wp:featuredmedia":[{"embeddable":true,"href":"https:\/\/www2.memri.org\/espanol\/tv\/wp-json\/wp\/v2\/media\/3422"}],"wp:attachment":[{"href":"https:\/\/www2.memri.org\/espanol\/tv\/wp-json\/wp\/v2\/media?parent=3420"}],"wp:term":[{"taxonomy":"category","embeddable":true,"href":"https:\/\/www2.memri.org\/espanol\/tv\/wp-json\/wp\/v2\/categories?post=3420"},{"taxonomy":"post_tag","embeddable":true,"href":"https:\/\/www2.memri.org\/espanol\/tv\/wp-json\/wp\/v2\/tags?post=3420"}],"curies":[{"name":"wp","href":"https:\/\/api.w.org\/{rel}","templated":true}]}}